{"id":990,"date":"2020-06-21T23:01:05","date_gmt":"2020-06-21T23:01:05","guid":{"rendered":"http:\/\/lars-decker.de\/blogs\/?p=990"},"modified":"2020-06-21T04:15:00","modified_gmt":"2020-06-21T04:15:00","slug":"sylvie-lacombe-la-rencontre-de-deux-peuples-elus","status":"publish","type":"post","link":"http:\/\/lars-decker.de\/blogs\/2020\/06\/21\/sylvie-lacombe-la-rencontre-de-deux-peuples-elus\/","title":{"rendered":"Sylvie Lacombe La Rencontre De Deux Peuples \u00c9lus"},"content":{"rendered":"<p>_ La rencontre de deux peuples \u00e9lus. Comparaison des ambitions canadiennes, nationale et imp\u00e9riale, entre 1896 et 1920. Ste-Foy: Presses de lUniversit\u00e9 Laval, 2002, 297 pages.. Pierre Savard, Les Canadiens fran\u00e7ais et la France. De la Cession \u00e0 la R\u00e9volution tranquille, dans Paul Painchaud dir, Le Canada et le Qu\u00e9bec sur la sc\u00e8ne internationale, Qu\u00e9bec et Montr\u00e9al, CQRI, Les Presses de lUniversit\u00e9 du Qu\u00e9bec, 1977, p 490. Spurk, Jan dir. Lentreprise \u00e9cartel\u00e9e. PUL et Syllepse, 2000.  _ M.Sc Arts et Sciences, Universit\u00e9 de Montr\u00e9al; Sociologie; 14Le Manitoba disposait depuis 1870 dun syst\u00e8me double d\u00e9coles protestantes et catholiques. Larriv\u00e9e massive dimmigrants anglo-saxons au cours des d\u00e9cennies suivantes marginalise les francophones et en 1890 le gouvernement du Manitoba abolit le fran\u00e7ais comme langue officielle et cesse le financement pour les \u00e9coles catholiques. Le compromis Laurier-Greenway r\u00e8gle la question en 1896, sans r\u00e9tablir le syst\u00e8me d\u00e9cole s\u00e9par\u00e9, en permettant lenseignement du fran\u00e7ais \u00e0 certaines conditions. Hector Fabre traite du probl\u00e8me dans le num\u00e9ro du 1 er mai 1905 alors que la question des \u00e9coles s\u00e9par\u00e9es resurgit \u00e0 loccasion de la cr\u00e9ation de deux nouvelles provinces dans lOuest canadien. Hector Fabre prend r\u00e9solument parti en faveur des \u00e9coles s\u00e9par\u00e9es. Selon lui, il en va de la survie des Canadiens fran\u00e7ais, mais \u00e9galement du Canada en tant quentit\u00e9 distincte des \u00c9tats-Unis : <img decoding=\"async\" src=\"http:\/\/www.rcvj.ch\/programmes\/prog2006.png\" alt=\"sylvie lacombe la rencontre de deux peuples \u00e9lus\" align=\"center\"> livre monumental, dont une grande partie traite de lengagement. SHAT, 7 N 678 E. M A. 2e Bureau. 1re Section des Services de Renseignements G\u00e9n\u00e9raux. Bulletin de Quinzaine. Avril 1917-ao\u00fbt 1919. Bulletin dat\u00e9 du 5 d\u00e9cembre 1917. Pierre Harvey, Histoire de l\u00c9cole des Haute \u00c9tudes Commerciales de Montr\u00e9al, Tome II: 1926-1970 Histoire du christianisme, tome 14, Anamn\u00e8sis. Jean Roy Henry Vivian Nelles, Une br\u00e8ve histoire du Canada, Montr\u00e9al, Fides, 2005, p 197. Le Rapport Parent apr\u00e8s 40 ans de r\u00e9formes scolaires : point de d\u00e9part ou point de chute? Valli\u00e8res. Paroles dun. Anthologie de Jacques Jourdain et M\u00e9lanie <img decoding=\"async\" src=\"http:\/\/cdn.webshopapp.com\/shops\/39401\/files\/210923237\/adaptateurs-de-clignotants-pour-triumph-twins.jpg\" alt=\"sylvie lacombe la rencontre de deux peuples \u00e9lus\" align=\"left\"> le projet initial du rapport Parent et sa mise en \u0153uvre depuis 1964   Les couples aux marges du permis-d\u00e9fendu. Morale conjugale et compromis pastoral \u00e0 Montr\u00e9al dans les ann\u00e9es 1960. Les cinq notes du film Rencontres du troisi\u00e8me type jou\u00e9es sur. Livre d\u00e9montre comment la cr\u00e9ation est directement Angers, St\u00e9phanie et G\u00e9rard Fabre, \u00c9changes intellectuels entre la France et le Qu\u00e9bec 1930-2000. Les r\u00e9seaux de la revue Esprit avec La Rel\u00e8ve, Cit\u00e9 Libre, Parti pris et Possibles. Pul, 2004. FORTIN, G. Le nationalisme canadien-fran\u00e7ais et les classes sociales, Revue dhistoire de lAm\u00e9rique fran\u00e7aise, vol. 22 1969, n o 4, p 523-537. <img decoding=\"async\" src=\"http:\/\/www.note.anglersacademy.org\/media\/00\/00\/1077349853.jpg\" alt=\"sylvie lacombe la rencontre de deux peuples \u00e9lus\" align=\"center\">.<\/p>\n","protected":false},"excerpt":{"rendered":"<p>sylvie lacombe la rencontre de deux peuples \u00e9lus<\/p>\n","protected":false},"author":1,"featured_media":0,"comment_status":"closed","ping_status":"closed","sticky":false,"template":"","format":"standard","meta":{"neve_meta_sidebar":"","neve_meta_container":"","neve_meta_enable_content_width":"","neve_meta_content_width":0,"neve_meta_title_alignment":"","neve_meta_author_avatar":"","neve_post_elements_order":"","neve_meta_disable_header":"","neve_meta_disable_footer":"","neve_meta_disable_title":""},"categories":[1],"tags":[],"_links":{"self":[{"href":"http:\/\/lars-decker.de\/blogs\/wp-json\/wp\/v2\/posts\/990"}],"collection":[{"href":"http:\/\/lars-decker.de\/blogs\/wp-json\/wp\/v2\/posts"}],"about":[{"href":"http:\/\/lars-decker.de\/blogs\/wp-json\/wp\/v2\/types\/post"}],"author":[{"embeddable":true,"href":"http:\/\/lars-decker.de\/blogs\/wp-json\/wp\/v2\/users\/1"}],"replies":[{"embeddable":true,"href":"http:\/\/lars-decker.de\/blogs\/wp-json\/wp\/v2\/comments?post=990"}],"version-history":[{"count":1,"href":"http:\/\/lars-decker.de\/blogs\/wp-json\/wp\/v2\/posts\/990\/revisions"}],"predecessor-version":[{"id":991,"href":"http:\/\/lars-decker.de\/blogs\/wp-json\/wp\/v2\/posts\/990\/revisions\/991"}],"wp:attachment":[{"href":"http:\/\/lars-decker.de\/blogs\/wp-json\/wp\/v2\/media?parent=990"}],"wp:term":[{"taxonomy":"category","embeddable":true,"href":"http:\/\/lars-decker.de\/blogs\/wp-json\/wp\/v2\/categories?post=990"},{"taxonomy":"post_tag","embeddable":true,"href":"http:\/\/lars-decker.de\/blogs\/wp-json\/wp\/v2\/tags?post=990"}],"curies":[{"name":"wp","href":"https:\/\/api.w.org\/{rel}","templated":true}]}}