{"id":908,"date":"2020-06-21T04:24:10","date_gmt":"2020-06-21T04:24:10","guid":{"rendered":"http:\/\/lars-decker.de\/blogs\/?p=908"},"modified":"2020-06-21T03:07:15","modified_gmt":"2020-06-21T03:07:15","slug":"agence-rencontre-beauce","status":"publish","type":"post","link":"http:\/\/lars-decker.de\/blogs\/2020\/06\/21\/agence-rencontre-beauce\/","title":{"rendered":"Agence Rencontre Beauce"},"content":{"rendered":"<p><img decoding=\"async\" src=\"http:\/\/www.suspicioons.tk\/uploads\/Image\/0d\/9880_073_DSC08262.jpg\" alt=\"agence rencontre beauce\" align=\"left\">, sur liberation.fr, 16 f\u00e9vrier 2017 consult\u00e9 le 25 f\u00e9vrier 2017. Sils vont dabord rentrer chez eux, ils devront ensuite se d\u00e9clarer \u00e0 la commission militaire talibane et rejoindront le champ de bataille o\u00f9 et quand les commandants hauts plac\u00e9s souhaitent quils se battent, explique-t-il. <img decoding=\"async\" src=\"http:\/\/st.hzcdn.com\/fimgs\/c36104af0593c790_8264-w500-h400-b0-p0-asiatique-buanderie.jpg\" alt=\"agence rencontre beauce\" align=\"right\"> You are using Internet Explorer 6.0 or older to view the web. \u03a3\u03b1\u03ba\u03af\u03b4\u03b9\u03bf \u03c0\u03bb\u03ac\u03c4\u03b7\u03c2 10 \u03bb\u03af\u03c4\u03c1\u03c9\u03bd \u03bc\u03b5 \u03b5\u03c3\u03c9\u03c4\u03b5\u03c1\u03b9\u03ba\u03ae \u03b8\u03ae\u03ba\u03b7 \u03b3\u03b9\u03b1 \u03b1\u03c3\u03ba\u03cc \u03bd\u03b5\u03c1\u03bf\u03cd, \u03b9\u03b4\u03b1\u03bd\u03b9\u03ba\u03cc \u03b3\u03b9\u03b1 \u03c4\u03c1\u03ad\u03be\u03b9\u03bc\u03bf, \u03c0\u03bf\u03b4\u03b7\u03bb\u03b1\u03c3\u03af\u03b1, \u03c0\u03b5\u03c1\u03c0\u03ac\u03c4\u03b7\u03bc\u03b1, \u03b5\u03ba\u03b4\u03c1\u03bf\u03bc\u03ad\u03c2.  Il conduit \u00e9galement un assouplissement des en modifiant le calcul des, et m\u00e8ne de front plusieurs r\u00e9formes comme celles concernant les pour les 16-22 ans sans qualification en proc\u00e9dant \u00e0 lexon\u00e9ration des cotisations sociales pendant deux ans, supprimant au passage les cr\u00e9\u00e9s en 1997 par 380 000 jeunes concern\u00e9s et r\u00e9duisant consid\u00e9rablement les de contrats aid\u00e9s pour 260 000 travailleurs en situation difficile, ou lharmonisation des 6 existants dont le niveau est relev\u00e9 pour deux tiers des b\u00e9n\u00e9ficiaires. Laurent Mauriac, sur, 13 septembre 1996 consult\u00e9 le 6 janvier 2017. Les tierces parties se sont tenues au cours de la p\u00e9riode de n\u00e9gociation. <img decoding=\"async\" src=\"http:\/\/www.modadomani.fr\/pierre-kalaijian\/media\/HR-charlie-hebdo.jpg\" alt=\"agence rencontre beauce\" align=\"left\"> Tu te sens impuissant en voyant notre belle business familiale attendre de fa\u00e7on ind\u00e9termin\u00e9e une date de r\u00e9ouverture? On a pens\u00e9 \u00e0 une fa\u00e7on assez funky de solliciter de laide, a publi\u00e9 Fr\u00e9d\u00e9rique Marseille sur les r\u00e9seaux sociaux. Sur la liste des captifs \u00e0 lib\u00e9rer se trouvent des fabricants de vestes suicide, des kamikazes, des terroristes \u00e9trangers, des narco-talibans, des membres des r\u00e9seaux de facilitation des grandes attaques ou de r\u00e9seaux denl\u00e8vements, \u00e9num\u00e8re \u00e0 l AFP un cadre s\u00e9curitaire qui demande \u00e0 rester anonyme. Doubs : Fran\u00e7ois Fillon pour le ni-PS, ni-FN, 3 f\u00e9vrier 2015.  En 1990, l\u00e9chec des r\u00e9novateurs lui co\u00fbte sa place au bureau national du RPR. Lors du congr\u00e8s du mouvement n\u00e9o-gaulliste durant lhiver 1990, il suit Philippe S\u00e9guin dans son alliance avec visant \u00e0 contester la pr\u00e9sidence du RPR \u00e0 Jacques Chirac et le secr\u00e9tariat g\u00e9n\u00e9ral \u00e0. Quand Charles Pasqua fonde lassociation en 1991, Fillon fait partie du comit\u00e9 dorientation. Le but de lalliance est alors de r\u00e9nover le gaullisme, en restaurant lid\u00e9e de souverainet\u00e9 nationale. Lors du congr\u00e8s du RPR, la liste Pasqua-S\u00e9guin remporte 30 des suffrages contre 70 \u00e0 la liste Chirac-Jupp\u00e9. Alix Bouilhaguet, La Carpe et le Lapin, Paris, \u00e9ditions du Moment, 2010, 201 p. Dabord, les personnes dun m\u00eame m\u00e9nage constituent les premiers membres du cercle social. Cest \u00e0 ce nombre que les membres pourront ajouter des proches, jusqu\u00e0 un maximum de dix personnes. Une exp\u00e9rience inou\u00efe parmi tant dautres pour le Beauceron pur souche, qui, au final, appara\u00eet dix minutes dans la com\u00e9die dramatique. Dans laquelle, et lanecdote vaut se pesant de cacahu\u00e8tes, les breuvages sucr\u00e9s locaux le Beauce cola et la limonade La Beauceronne, pour ne pas les citer sont visibles \u00e0 l\u00e9cran. Gr\u00e2ce \u00e0 Olivier Sall\u00e9, \u00e9videmment : Bouli Lanners mavait donn\u00e9 les DVD de ses films, alors, en \u00e9change, moi je lui ai offert ces boissons produites dans le coin. Et il a d\u00fb aimer car il a fait ce que lon appelle du placement de produits dans le film. Une jolie pub pour les soft drinks de Beauce, admet le chausseur-acteur, qui a aussi eu le privil\u00e8ge de tourner aux c\u00f4t\u00e9s du mythique Michael Lonsdale Le Nom de la rose. Et Albert Dupontel dans tout \u00e7a? Il \u00e9tait tr\u00e8s gentil et accessible sur le tournage, disant syst\u00e9matiquement bonjour \u00e0 tout le monde, m\u00eame \u00e0 moi qui arrivais un peu comme un cheveu dans la soupe. Nous pr\u00e9servons votre identit\u00e9 et votre intimit\u00e9 en ne divulguant ni votre photo, ni votre nom de famille. Notre concept est unique. .<\/p>\n","protected":false},"excerpt":{"rendered":"<p>agence rencontre beauce<\/p>\n","protected":false},"author":1,"featured_media":0,"comment_status":"closed","ping_status":"closed","sticky":false,"template":"","format":"standard","meta":{"neve_meta_sidebar":"","neve_meta_container":"","neve_meta_enable_content_width":"","neve_meta_content_width":0,"neve_meta_title_alignment":"","neve_meta_author_avatar":"","neve_post_elements_order":"","neve_meta_disable_header":"","neve_meta_disable_footer":"","neve_meta_disable_title":""},"categories":[1],"tags":[],"_links":{"self":[{"href":"http:\/\/lars-decker.de\/blogs\/wp-json\/wp\/v2\/posts\/908"}],"collection":[{"href":"http:\/\/lars-decker.de\/blogs\/wp-json\/wp\/v2\/posts"}],"about":[{"href":"http:\/\/lars-decker.de\/blogs\/wp-json\/wp\/v2\/types\/post"}],"author":[{"embeddable":true,"href":"http:\/\/lars-decker.de\/blogs\/wp-json\/wp\/v2\/users\/1"}],"replies":[{"embeddable":true,"href":"http:\/\/lars-decker.de\/blogs\/wp-json\/wp\/v2\/comments?post=908"}],"version-history":[{"count":1,"href":"http:\/\/lars-decker.de\/blogs\/wp-json\/wp\/v2\/posts\/908\/revisions"}],"predecessor-version":[{"id":909,"href":"http:\/\/lars-decker.de\/blogs\/wp-json\/wp\/v2\/posts\/908\/revisions\/909"}],"wp:attachment":[{"href":"http:\/\/lars-decker.de\/blogs\/wp-json\/wp\/v2\/media?parent=908"}],"wp:term":[{"taxonomy":"category","embeddable":true,"href":"http:\/\/lars-decker.de\/blogs\/wp-json\/wp\/v2\/categories?post=908"},{"taxonomy":"post_tag","embeddable":true,"href":"http:\/\/lars-decker.de\/blogs\/wp-json\/wp\/v2\/tags?post=908"}],"curies":[{"name":"wp","href":"https:\/\/api.w.org\/{rel}","templated":true}]}}