{"id":642,"date":"2020-06-21T23:34:05","date_gmt":"2020-06-21T23:34:05","guid":{"rendered":"http:\/\/lars-decker.de\/blogs\/?p=642"},"modified":"2020-06-20T23:58:22","modified_gmt":"2020-06-20T23:58:22","slug":"quartier-prostituees-lille","status":"publish","type":"post","link":"http:\/\/lars-decker.de\/blogs\/2020\/06\/21\/quartier-prostituees-lille\/","title":{"rendered":"Quartier Prostituees Lille"},"content":{"rendered":"<p>Le monde de la prostitution se retrouvait donc sans patron?  Le Dispositif El\u00e8ves Exclus couvre 6 coll\u00e8ges de Lille et Ronchin.   Ce mardi apr\u00e8s-midi, \u00e0 Lille, les trottoirs de lavenue du Peuple-Belge \u00e9taient d\u00e9serts. PHOTO MAX ROSEREAU Sur les vitrines, il est \u00e9crit cherche serveuses. De suite Poser une question \u00e0 Visiteur1111 \u00e0 propos de Ibis Budget Lille Centre <img decoding=\"async\" src=\"http:\/\/ecolelakanal.fr\/blog\/img\/L_Nackaerts\/sortie\/601.jpg\" alt=\"quartier prostituees lille\" align=\"center\"> <img decoding=\"async\" src=\"http:\/\/wp12483772.server-he.de\/images\/caen2.jpg\" alt=\"quartier prostituees lille\" align=\"center\"> Au fond de la rue, un pont en bois m\u00e8ne \u00e0 une arcade par laquelle on acc\u00e8de directement rue Esquermoise. On sy essuyait la semelle au retour des fl\u00e2neries dans la capitale boueuse ou dans les campagnes et les bois environnants. Action de solidarit\u00e9 en soutien \u00e0 lassociation les Clowns de lespoir A LA FARDE Il y a 5 ann\u00e9es Le 29112014 \u00e0 10:38 Signaler un abus Le proc\u00e8s est pr\u00e9vu pour durer trois semaines, \u00e0 lissue desquelles le jugement devrait \u00eatre mis en d\u00e9lib\u00e9r\u00e9. Quatorze personnes sont poursuivies, treize pour prox\u00e9n\u00e9tisme aggrav\u00e9 notamment et une quatorzi\u00e8me pour complicit\u00e9 de d\u00e9lits financiers. Voil\u00e0 une d\u00e9cennie que Guillaume est install\u00e9 dans le Nord. Le trentenaire a entendu parl\u00e9 de ce lieu par le biais des associations LGBT de la r\u00e9gion. Apr\u00e8s une enfance pass\u00e9e \u00e0 la campagne, le jardin Vauban lui offre la possibilit\u00e9 de rencontrer dautres gays et de poursuivre son cheminement pour assumer son homosexualit\u00e9. Cet endroit ma fait beaucoup de bien, explique le professeur de droit de 33 ans. Aujourdhui, il y retourne pour se d\u00e9connecter de la ville, sans intention de draguer : Les deux jeunes gens ont \u00e9t\u00e9 mis en examen pour prox\u00e9n\u00e9tisme aggrav\u00e9 et plac\u00e9s sous mandat de d\u00e9p\u00f4t vendredi soir dans deux maisons darr\u00eat du Nord. A langle de la rue Lepelletier et Grande Chauss\u00e9e, levez la t\u00eate et voyez l\u00e9trange bras dor accroch\u00e9 au balcon un peu plus loins que le peuple belge, toujours dans le vieux lille, ya toute les filles de lest MARCQ-EN-BAROEUL Vie religieuse Congr\u00e9gation religieuse Le maire sest \u00e9galement d\u00e9clar\u00e9 pr\u00e9occup\u00e9 par laccroissement de la prostitution clandestine non autoris\u00e9e autour du quartier. <img decoding=\"async\" src=\"http:\/\/wp12483772.server-he.de\/images\/pigalle.jpg\" alt=\"quartier prostituees lille\" align=\"right\"> Ces lieux ont \u00e9t\u00e9 syst\u00e9matiquement relev\u00e9s par la police municipale, en vue de produire une cartographie de la prostitution diffus\u00e9e par le Conseil communal de pr\u00e9vention de la d\u00e9linquance voir Pryen, 1997c.<\/p>\n","protected":false},"excerpt":{"rendered":"<p>quartier prostituees lille<\/p>\n","protected":false},"author":1,"featured_media":0,"comment_status":"closed","ping_status":"closed","sticky":false,"template":"","format":"standard","meta":{"neve_meta_sidebar":"","neve_meta_container":"","neve_meta_enable_content_width":"","neve_meta_content_width":0,"neve_meta_title_alignment":"","neve_meta_author_avatar":"","neve_post_elements_order":"","neve_meta_disable_header":"","neve_meta_disable_footer":"","neve_meta_disable_title":""},"categories":[1],"tags":[],"_links":{"self":[{"href":"http:\/\/lars-decker.de\/blogs\/wp-json\/wp\/v2\/posts\/642"}],"collection":[{"href":"http:\/\/lars-decker.de\/blogs\/wp-json\/wp\/v2\/posts"}],"about":[{"href":"http:\/\/lars-decker.de\/blogs\/wp-json\/wp\/v2\/types\/post"}],"author":[{"embeddable":true,"href":"http:\/\/lars-decker.de\/blogs\/wp-json\/wp\/v2\/users\/1"}],"replies":[{"embeddable":true,"href":"http:\/\/lars-decker.de\/blogs\/wp-json\/wp\/v2\/comments?post=642"}],"version-history":[{"count":1,"href":"http:\/\/lars-decker.de\/blogs\/wp-json\/wp\/v2\/posts\/642\/revisions"}],"predecessor-version":[{"id":643,"href":"http:\/\/lars-decker.de\/blogs\/wp-json\/wp\/v2\/posts\/642\/revisions\/643"}],"wp:attachment":[{"href":"http:\/\/lars-decker.de\/blogs\/wp-json\/wp\/v2\/media?parent=642"}],"wp:term":[{"taxonomy":"category","embeddable":true,"href":"http:\/\/lars-decker.de\/blogs\/wp-json\/wp\/v2\/categories?post=642"},{"taxonomy":"post_tag","embeddable":true,"href":"http:\/\/lars-decker.de\/blogs\/wp-json\/wp\/v2\/tags?post=642"}],"curies":[{"name":"wp","href":"https:\/\/api.w.org\/{rel}","templated":true}]}}