{"id":2990,"date":"2020-06-24T14:54:10","date_gmt":"2020-06-24T14:54:10","guid":{"rendered":"http:\/\/lars-decker.de\/blogs\/?p=2990"},"modified":"2020-06-22T08:28:31","modified_gmt":"2020-06-22T08:28:31","slug":"rencontre-avec-des-italiens","status":"publish","type":"post","link":"http:\/\/lars-decker.de\/blogs\/2020\/06\/24\/rencontre-avec-des-italiens\/","title":{"rendered":"Rencontre Avec Des Italiens"},"content":{"rendered":"<p>Ecrit par vous! On a rencontr\u00e9 Matteo Minozzi, diamant brut et avenir du rugby italien. Nous naviguerons entre les deux langues, italienne et fran\u00e7aise et terminerons sur un verre amical. Venez nombreux! Avec son cadrage 4X3 et.format cin\u00e9matographique au plus pr\u00e8s des personnages, Sironi opte pour un neor\u00e9alisme froid et aust\u00e8re. Challenges-Les contenus, marques, ou logos du site challenges.fr sont soumis \u00e0 la protection de la propri\u00e9t\u00e9 intellectuelle.  Votre adresse de messagerie ne sera pas publi\u00e9e. Les champs obligatoires sont indiqu\u00e9s avec Une rencontre qui a manifestement exasp\u00e9r\u00e9 les autorit\u00e9s fran\u00e7aises. Une nouvelle provocation.. Pas acceptable entre pays voisins et partenaires au sein de lUnion europ\u00e9enne, a d\u00e9nonc\u00e9 le lendemain le Quai dOrsay. Une salve suivie dune notable cons\u00e9quence, ce jeudi : le minist\u00e8re des Affaires \u00e9trang\u00e8res a rappel\u00e9 son ambassadeur en Italie, qualifiant la rencontre, qui suivait de nombreux commentaires anti-Macron de la part de lItalie, dattaques sans pr\u00e9c\u00e9dent. <img decoding=\"async\" src=\"http:\/\/www.elmoudjahid.com\/temp\/fr\/actualite2[56637].jpg\" alt=\"rencontre avec des italiens\" align=\"center\">  Si vous \u00eates tr\u00e8s gourmand, vous pouvez mettre en milieu de plat, un peu de gruy\u00e8re mais pas une tonne! <img decoding=\"async\" src=\"http:\/\/www.csc-barolles.fr\/images\/adultes_p12-13.jpg\" alt=\"rencontre avec des italiens\" align=\"right\"> Mais Bruno Retailleau, le pr\u00e9sident de la r\u00e9gion des Pays de la Loire o\u00f9 est situ\u00e9 STX France, a appel\u00e9 le gouvernement fran\u00e7ais \u00e0 r\u00e9sister aux pressions de lItalie et \u00e0 faire en sorte que Fincantieri ne dispose pas de la majorit\u00e9 du capital. Il 17 ottobre 2018, invece, sempre a Mosca alla conferenza stampa di Salvini a Confindustria SUL PALCO accanto allo staff del ministro al quale si rivolge tu guarda un po chi cera.. Nomfup nomfup Bonjour bonjour. Je suis alex de nationalit\u00e9 senegalaise resident en italie depuis2 ans, ag\u00e9 de 27ans. Je suis un homme serieux courtoi et s\u00fbrtout g\u00e8n\u00e9reux; conscient de limportance damiti\u00e9. Aimant lamour du prochainet respect de lautre. Je cherche des correspondantes serieux, souhaitan.. It Francesco Volpe, Il rugby sottosopra : Grenoble 1997, quando lItalia ribalt\u00f2 la Francia e il mondo, Absolutely Free, f\u00e9vrier 2014, 164 p, reli\u00e9.  Recherche un homme: Amour, Amiti\u00e9, Discussions, Autre raison Pour toutes questions sur le d\u00e9roulement du stage contacter Anna Andreotti Vous connaissez d\u00e9sormais tout ce quil faut savoir sur les meilleurs moyens dapprendre le vocabulaire de base de la langue italienne. Pour en savoir plus sur la langue de Galil\u00e9e, vous pouvez consulter nos autres articles ou m\u00eame prendre des cours particuliers ditalien sur notre site! La plupart des joueurs internationaux actuels n\u00e9s en Italie, sont originaires de la r\u00e9gion de entre autres :,,,,,,. Depuis les ann\u00e9es 1990, afin de faire progresser la Squadra Azzurra dans la hi\u00e9rarchie mondiale du rugby, un certain nombre de joueurs venant d, d, d et de ont incorpor\u00e9 leffectif. En 2014, Donatella Versace nous a tous surpris en participant \u00e0 l\u00e9trange Ice Bucket Challenge, un d\u00e9fi Instagram qui consiste \u00e0 se verser un sceau deau glac\u00e9e pour soutenir la recherche sur la maladie de Charcot. Entour\u00e9e de deux apollons, la madonne italienne connue pour ses looks \u00e0 la f\u00e9minit\u00e9 exacerb\u00e9e, prenait ainsi le contre-pied de son image poliss\u00e9e. <img decoding=\"async\" src=\"http:\/\/www.defense.gouv.fr\/var\/dicod\/storage\/images\/base-de-medias\/images\/ema\/le-chef-d-etat-major\/141108-cema-rencontre-avec-son-homologue-italien\/06\/4380051-1-fre-FR\/06.jpg\" alt=\"rencontre avec des italiens\" align=\"left\"> En conclusion, lItalienne et la Fran\u00e7aise se ressemblent comme deux soeurs Cet espace doit toujours demeurer en coh\u00e9rence avec les valeurs dAleteia. Th\u00e8mes : Sport Malvoyance Culture loisirs Audiovisuel Articles similaires Aux travailleurs d\u00e9j\u00e0 b\u00e9n\u00e9ficiaires en mars dune indemnit\u00e9 de 600 euros, une aide du m\u00eame montant est automatiquement vers\u00e9e pour le mois davril. Il en est de m\u00eame pour les saisonniers travaillant dans les secteurs du tourisme et de lagriculture.<\/p>\n","protected":false},"excerpt":{"rendered":"<p>rencontre avec des italiens<\/p>\n","protected":false},"author":1,"featured_media":0,"comment_status":"closed","ping_status":"closed","sticky":false,"template":"","format":"standard","meta":{"neve_meta_sidebar":"","neve_meta_container":"","neve_meta_enable_content_width":"","neve_meta_content_width":0,"neve_meta_title_alignment":"","neve_meta_author_avatar":"","neve_post_elements_order":"","neve_meta_disable_header":"","neve_meta_disable_footer":"","neve_meta_disable_title":""},"categories":[1],"tags":[],"_links":{"self":[{"href":"http:\/\/lars-decker.de\/blogs\/wp-json\/wp\/v2\/posts\/2990"}],"collection":[{"href":"http:\/\/lars-decker.de\/blogs\/wp-json\/wp\/v2\/posts"}],"about":[{"href":"http:\/\/lars-decker.de\/blogs\/wp-json\/wp\/v2\/types\/post"}],"author":[{"embeddable":true,"href":"http:\/\/lars-decker.de\/blogs\/wp-json\/wp\/v2\/users\/1"}],"replies":[{"embeddable":true,"href":"http:\/\/lars-decker.de\/blogs\/wp-json\/wp\/v2\/comments?post=2990"}],"version-history":[{"count":1,"href":"http:\/\/lars-decker.de\/blogs\/wp-json\/wp\/v2\/posts\/2990\/revisions"}],"predecessor-version":[{"id":2991,"href":"http:\/\/lars-decker.de\/blogs\/wp-json\/wp\/v2\/posts\/2990\/revisions\/2991"}],"wp:attachment":[{"href":"http:\/\/lars-decker.de\/blogs\/wp-json\/wp\/v2\/media?parent=2990"}],"wp:term":[{"taxonomy":"category","embeddable":true,"href":"http:\/\/lars-decker.de\/blogs\/wp-json\/wp\/v2\/categories?post=2990"},{"taxonomy":"post_tag","embeddable":true,"href":"http:\/\/lars-decker.de\/blogs\/wp-json\/wp\/v2\/tags?post=2990"}],"curies":[{"name":"wp","href":"https:\/\/api.w.org\/{rel}","templated":true}]}}