{"id":2972,"date":"2020-06-24T14:08:45","date_gmt":"2020-06-24T14:08:45","guid":{"rendered":"http:\/\/lars-decker.de\/blogs\/?p=2972"},"modified":"2020-06-22T08:18:37","modified_gmt":"2020-06-22T08:18:37","slug":"rencontre-quechua","status":"publish","type":"post","link":"http:\/\/lars-decker.de\/blogs\/2020\/06\/24\/rencontre-quechua\/","title":{"rendered":"Rencontre Quechua"},"content":{"rendered":"<p>Plus besoin de chercher en long, en large et en travers, vous avez lembarras du choix.  <img decoding=\"async\" src=\"http:\/\/www.legeeksportif.com\/wp-content\/uploads\/2013\/07\/quechua-phone1.jpg\" alt=\"rencontre quechua\" align=\"left\"> Lassociation HORIZONS 19, place de l\u00e9glise 19260 TREIGNAC, cr\u00e9\u00e9e le 11 juin 2008, actuellement pr\u00e9sid\u00e9e par Michel Peyrat-Objectifs et moyens :-contribuer \u00e0 animer la vie culturelle \u00e0 Treignac et dans les 11 communes de la communaut\u00e9 de commune ;-d\u00e9velopper la solidarit\u00e9 internationale par la formation de leaders paysans boliviens appartenant \u00e0 12 communaut\u00e9s quechua.. Se d\u00e9veloppe une bourgeoisie-petite et moyenne-aymara et quechua qui R\u00e9alis\u00e9 pour les aficionados de l outdoor en qu\u00eate dinfos, reportages, vid\u00e9os et photo sur le th\u00e8me de la montagne, Hiking On The Moon est \u00e0 la fois un blog, une web TV et un magazine. En effet, chaque jour, Hiking on the Moon propose un max de contenus vid\u00e9os, photos et texte \u00e0 tous les amateurs des sports de montagne, \u00e0 limage dun blog comme celui que vous \u00eates en train de lire. Chaque mois, une \u00e9mission de 6 minutes, tout simplement intitul\u00e9e Hiking On The Moon, co-produite par Quechua et Montagne TV, part \u00e0 la rencontre de ceux qui arpentent les sentiers et les pistes en altitude afin de vous faire d\u00e9couvrir la Montagne. Ce mois-ci, Hiking On The Moon est parti \u00e0 la rencontre de trois amoureux de limage en altitude. Pascal Tournaire, Ren\u00e9 Robert et Monica Dalmasso, photographes de montagne, dans la vid\u00e9o ci-dessous. Pour finir, chaque trimestre, une centaine de pages sont r\u00e9dig\u00e9es en Fran\u00e7ais et en Anglais, consacr\u00e9es \u00e0 lunivers outdoor, et compil\u00e9es dans le magazine Hiking On the Moon. D\u00e9couverte du village de Chinchero, visite des ruibes de Moray et des salines de Maras. Route vers Ollantaytambo puis train pour Aguas Calientes.  Nous pouvons aussi vous pr\u00e9venir quand une offre demploi correspondant \u00e0 votre profil est publi\u00e9e sur BDMjob. Sp\u00e9cialement con\u00e7ue pour la pratique du nordique cette veste poss\u00e8de un design tr\u00e8s sympa. A 48 ans, la star du petit \u00e9cran a suivi Fr\u00e9d\u00e9ric Lopez pour un rendez-vous en Terre Inconnu au P\u00e9rou. Un rare moment dauthenticit\u00e9 <img decoding=\"async\" src=\"http:\/\/sepia.ac-reims.fr\/ec-ste-savine-aubrac-elem\/-wp-\/wp-content\/uploads\/2017\/09\/Virades-2017-May.jpg\" alt=\"rencontre quechua\" align=\"right\"> Visite des sites incontournables du P\u00e9rou Lima, les \u00eeles Ballestas, les lignes de Nazca, le Canyon de Colca, Arequipa, le lac Titicaca, le Machu Picchu, Cuzco  la position de Mari\u00e1tegui devant larriv\u00e9e des id\u00e9es sociales et Sur place, elle retrouve chaque ann\u00e9e les m\u00eames familles. Mais elle est surtout contente de revoir cette ann\u00e9e son meilleur ami, Adam. Remarque : pour les personnes ne souhaitant pas effectuer toute la randonn\u00e9e, il est possible de ne parcourir quune partie de l\u00e9tape jusqu\u00e0 la laguna Pampalarama 1 h 30 de marche-200 m de d\u00e9nivel\u00e9e. Douvrages de r\u00e9f\u00e9rence af fi chent un embar ras par rappo rt \u00e0 ce vocable. Cest une esp\u00e8ce absolument fantastique avec laquelle nous sommes tr\u00e8s fiers de travailler, a-t-il poursuivi. Les petits devraient \u00eatre visibles des visiteurs lorsque le zoo rouvrira ses portes. 42 copies recens\u00e9es de la c\u00e9l\u00e8bre tente 2 Seconds de Quechua Besoin de toucher? Dessayer votre futur mat\u00e9riel? De conseils de pros?. Je lavais relanc\u00e9e Emilie. Relanc\u00e9e car je tenais \u00e0 avoir ses impressions sur SA diagonale des fous, o\u00f9 elle s\u00e9tait brillamment impos\u00e9e avec une performance incroyable. Cest avec sa simplicit\u00e9 naturelle quelle a r\u00e9pondu positivement pour un entretien avec Trail Session, dans un petit restaurant bio de Chamb\u00e9ry, le Bar Thym. Partez avec Ysabel, Luisa ou Jeymi en voyage \u00e9quitable au P\u00e9rou! 2020 Encyclop\u00e6dia Universalis France. Tous droits de propri\u00e9t\u00e9 industrielle et intellectuelle r\u00e9serv\u00e9s. Img height1 width1 border0 alt srcgoogleads.g.doubleclick.netpageadviewthroughconversion1002512496?frame0amp;random1429019799917amp;cv7amp;fst1429019799917amp;num1amp;fmt1amp;labelNYqFCIjlmgcQ8MCE3gMamp;guidONamp;u_h1080amp;u_w1920amp;u_ah1053amp;u_aw1920amp;u_cd24amp;u_his2amp;u_tz120amp;u_javatrueamp;u_nplug10amp;u_nmime29amp;frm0amp;urlhttp3Awww.universalis.framp;vis1 Les services dun directeur accompagnateur de croisi\u00e8re francophone pendant toute la dur\u00e9e du voyage. Particip\u00e9, du 8 au 12 octobre, \u00e0 la rencontre des peuples de <img decoding=\"async\" src=\"http:\/\/www.lavieeco.com\/wp-content\/uploads\/2016\/12\/Decathlon-Maroc.jpg\" alt=\"rencontre quechua\" align=\"right\">.<\/p>\n","protected":false},"excerpt":{"rendered":"<p>rencontre quechua<\/p>\n","protected":false},"author":1,"featured_media":0,"comment_status":"closed","ping_status":"closed","sticky":false,"template":"","format":"standard","meta":{"neve_meta_sidebar":"","neve_meta_container":"","neve_meta_enable_content_width":"","neve_meta_content_width":0,"neve_meta_title_alignment":"","neve_meta_author_avatar":"","neve_post_elements_order":"","neve_meta_disable_header":"","neve_meta_disable_footer":"","neve_meta_disable_title":""},"categories":[1],"tags":[],"_links":{"self":[{"href":"http:\/\/lars-decker.de\/blogs\/wp-json\/wp\/v2\/posts\/2972"}],"collection":[{"href":"http:\/\/lars-decker.de\/blogs\/wp-json\/wp\/v2\/posts"}],"about":[{"href":"http:\/\/lars-decker.de\/blogs\/wp-json\/wp\/v2\/types\/post"}],"author":[{"embeddable":true,"href":"http:\/\/lars-decker.de\/blogs\/wp-json\/wp\/v2\/users\/1"}],"replies":[{"embeddable":true,"href":"http:\/\/lars-decker.de\/blogs\/wp-json\/wp\/v2\/comments?post=2972"}],"version-history":[{"count":1,"href":"http:\/\/lars-decker.de\/blogs\/wp-json\/wp\/v2\/posts\/2972\/revisions"}],"predecessor-version":[{"id":2973,"href":"http:\/\/lars-decker.de\/blogs\/wp-json\/wp\/v2\/posts\/2972\/revisions\/2973"}],"wp:attachment":[{"href":"http:\/\/lars-decker.de\/blogs\/wp-json\/wp\/v2\/media?parent=2972"}],"wp:term":[{"taxonomy":"category","embeddable":true,"href":"http:\/\/lars-decker.de\/blogs\/wp-json\/wp\/v2\/categories?post=2972"},{"taxonomy":"post_tag","embeddable":true,"href":"http:\/\/lars-decker.de\/blogs\/wp-json\/wp\/v2\/tags?post=2972"}],"curies":[{"name":"wp","href":"https:\/\/api.w.org\/{rel}","templated":true}]}}