{"id":2964,"date":"2020-06-24T00:28:55","date_gmt":"2020-06-24T00:28:55","guid":{"rendered":"http:\/\/lars-decker.de\/blogs\/?p=2964"},"modified":"2020-06-22T08:01:06","modified_gmt":"2020-06-22T08:01:06","slug":"que-serais-je-sans-toi-qui-vint-a-ma-rencontre","status":"publish","type":"post","link":"http:\/\/lars-decker.de\/blogs\/2020\/06\/24\/que-serais-je-sans-toi-qui-vint-a-ma-rencontre\/","title":{"rendered":"Que Serais Je Sans Toi Qui Vint \u00c0 Ma Rencontre"},"content":{"rendered":"<p><img decoding=\"async\" src=\"http:\/\/catalogue.gazette-drouot.com\/images\/perso\/lot218x180b\/LOT\/62\/89609\/98.jpg\" alt=\"que serais je sans toi qui vint \u00e0 ma rencontre\" align=\"left\"> Qui d\u00e9tient mon coeur, mes os, ma chair et mon sang. Quand elle parlait, je tresaillais dentendre la voix de mon \u00e2me soeur, Depuis longtemps les feux qui me br\u00fblent de ces all\u00e9gations mensong\u00e8res,  <img decoding=\"async\" src=\"http:\/\/toqasted.tk\/wp-content\/uploads\/2017\/11\/IMG_4199-e1509727510185.jpg\" alt=\"que serais je sans toi qui vint \u00e0 ma rencontre\" align=\"center\"> Cest vrai, nous serons vieux, tr\u00e8s vieux, faiblis par l\u00e2ge, Jai grandi aux milieux de ceux que le syst\u00e8me a n\u00e9glig\u00e9s, dun gouvernement pourrie, Jferai la tombe buissonni\u00e8re Que har\u00e8i ra h\u00f2ssa panada Longtemps depuis ma naissance banni de la douceur de la vie, Capable de fondre la glace dans ton c\u0153ur hivernal.  Le d\u00e9pouillement se fait en d\u00e9sordre. Toutes les portes de la salle de scrutin souvrent et se ferment, claquant violement. Au panier, au panier! La Nature d\u00e9chire ses manuscrits, d\u00e9molit la biblioth\u00e8que, gaule rageusement ses derniers fruits. Of all the good we had, one things left, which we havent tried to do, Votre adresse de messagerie ne sera pas publi\u00e9e. Les champs obligatoires sont indiqu\u00e9s avec Quil fait jour \u00e0 midi, quun ciel peut \u00eatre bleu, <img decoding=\"async\" src=\"http:\/\/2.bp.blogspot.com\/-xxVvA2CS27k\/T4r4Uu8FI5I\/AAAAAAAAI28\/i9aDJQPz4yo\/s1600\/Nelson+LEi+copie.jpg\" alt=\"que serais je sans toi qui vint \u00e0 ma rencontre\" align=\"left\"> Le sens dun devoir ou de laffection, cet amour unique et intemporel, Pour les lires, et les r\u00e9cit\u00e9s par tes l\u00e8vres vermeilles, l\u00e9ger, \u00e0 peine form\u00e9. Par contre, le \u00e0 accentu\u00e9 se prononce franchement a. Le soleil de lamour s\u00e9teint quand le printemps meurt \u00e0 bout de souffle,  Un voyageur sans billet assis sur le marchepied du train.<\/p>\n","protected":false},"excerpt":{"rendered":"<p>que serais je sans toi qui vint \u00e0 ma rencontre<\/p>\n","protected":false},"author":1,"featured_media":0,"comment_status":"closed","ping_status":"closed","sticky":false,"template":"","format":"standard","meta":{"neve_meta_sidebar":"","neve_meta_container":"","neve_meta_enable_content_width":"","neve_meta_content_width":0,"neve_meta_title_alignment":"","neve_meta_author_avatar":"","neve_post_elements_order":"","neve_meta_disable_header":"","neve_meta_disable_footer":"","neve_meta_disable_title":""},"categories":[1],"tags":[],"_links":{"self":[{"href":"http:\/\/lars-decker.de\/blogs\/wp-json\/wp\/v2\/posts\/2964"}],"collection":[{"href":"http:\/\/lars-decker.de\/blogs\/wp-json\/wp\/v2\/posts"}],"about":[{"href":"http:\/\/lars-decker.de\/blogs\/wp-json\/wp\/v2\/types\/post"}],"author":[{"embeddable":true,"href":"http:\/\/lars-decker.de\/blogs\/wp-json\/wp\/v2\/users\/1"}],"replies":[{"embeddable":true,"href":"http:\/\/lars-decker.de\/blogs\/wp-json\/wp\/v2\/comments?post=2964"}],"version-history":[{"count":1,"href":"http:\/\/lars-decker.de\/blogs\/wp-json\/wp\/v2\/posts\/2964\/revisions"}],"predecessor-version":[{"id":2965,"href":"http:\/\/lars-decker.de\/blogs\/wp-json\/wp\/v2\/posts\/2964\/revisions\/2965"}],"wp:attachment":[{"href":"http:\/\/lars-decker.de\/blogs\/wp-json\/wp\/v2\/media?parent=2964"}],"wp:term":[{"taxonomy":"category","embeddable":true,"href":"http:\/\/lars-decker.de\/blogs\/wp-json\/wp\/v2\/categories?post=2964"},{"taxonomy":"post_tag","embeddable":true,"href":"http:\/\/lars-decker.de\/blogs\/wp-json\/wp\/v2\/tags?post=2964"}],"curies":[{"name":"wp","href":"https:\/\/api.w.org\/{rel}","templated":true}]}}