{"id":2912,"date":"2020-06-24T17:09:39","date_gmt":"2020-06-24T17:09:39","guid":{"rendered":"http:\/\/lars-decker.de\/blogs\/?p=2912"},"modified":"2020-06-22T07:16:48","modified_gmt":"2020-06-22T07:16:48","slug":"rencontre-des-musulmans-du-sud","status":"publish","type":"post","link":"http:\/\/lars-decker.de\/blogs\/2020\/06\/24\/rencontre-des-musulmans-du-sud\/","title":{"rendered":"Rencontre Des Musulmans Du Sud"},"content":{"rendered":"<p>SCOUTS MUSULMANS DE FRANCE Vivre Ensemble en Paix <img decoding=\"async\" src=\"http:\/\/catalogue.gazette-drouot.com\/images\/perso\/full\/LOT\/62\/78919\/222.jpg\" alt=\"rencontre des musulmans du sud\" align=\"center\"> MoneyGram soutient le Rassemblement Annuel des Musulmans du Sud Portail Afrique! pour la bonne raison quil nexiste pas despace politique de la doreilles pr\u00e9cieuses sur le visage de la cit\u00e9. Elles rappelaient rappeler que lhomme nest plus seul : le juda\u00efsme, annon\u00e7ant  14h30-15h15 : Pour une meilleure compr\u00e9hension de lIslam Moncef Zenati. \u041c\u0435\u0447\u0442\u0430\u0435\u0442\u0435 \u043e\u0431 \u0443\u043d\u0438\u043a\u0430\u043b\u044c\u043d\u043e\u043c \u0437\u043d\u0430\u043a\u043e\u043c\u0441\u0442\u0432\u0435? \u041f\u044b\u0442\u0430\u0435\u0442\u0435\u0441\u044c \u043d\u0430\u0447\u0430\u0442\u044c \u043d\u043e\u0432\u0443\u044e \u0436\u0438\u0437\u043d\u044c \u0438 \u043e\u0442\u043d\u043e\u0448\u0435\u043d\u0438\u044f \u043d\u0430 \u0432\u043e\u043b\u043d\u0435 \u0418\u0437\u0440\u0430\u0438\u043b\u044c \u043c\u0443\u0436\u0447\u0438\u043d\u044b \u0438 \u0436\u0435\u043d\u0449\u0438\u043d\u044b? \u0422\u043e\u0433\u0434\u0430 \u043f\u043e\u0447\u0435\u043c\u0443 \u0431\u044b \u043d\u0435 \u043f\u043e\u043f\u0440\u043e\u0431\u043e\u0432\u0430\u0442\u044c \u0443\u043d\u0438\u043a\u0430\u043b\u044c\u043d\u0443\u044e \u0432\u043e\u0437\u043c\u043e\u0436\u043d\u043e\u0441\u0442\u044c \u0437\u043d\u0430\u043a\u043e\u043c\u0441\u0442\u0432\u0430 \u0432 \u0418\u0437\u0440\u0430\u0438\u043b\u0435, \u0433\u0434\u0435 \u0432\u0441\u0435\u0433\u0434\u0430 \u0442\u0435\u043f\u043b\u043e, \u0432\u043a\u0443\u0441\u043d\u043e \u0438 \u0432\u0435\u0441\u0435\u043b\u043e! Contact\u00e9 par CheckNews, le journaliste et auteur de 1491 : nouvelles r\u00e9v\u00e9lations sur les Am\u00e9riques avant Christophe Colomb, Charles C. Mann explique quil sagit dune vieille affirmation qui provient presque certainement dun malentendu ou dune mauvaise traduction du journal de Colomb lors de son premier voyage. Le manuscrit original a \u00e9t\u00e9 perdu, probablement \u00e0 la fin du XIX e si\u00e8cle, et nest connu que gr\u00e2ce aux descriptions d\u00e9taill\u00e9es de Bartolom\u00e9 de las Casas publi\u00e9es pour la premi\u00e8re fois en 1875, ndlr et \u00e0 la biographie de Colomb par son fils Ferdinand publi\u00e9e dans une traduction italienne en 1571 ; loriginal espagnol a \u00e9t\u00e9 perdu. Le r\u00e9cit de Ferdinand ne mentionne aucune mosqu\u00e9e. La version de Las Casas contient ceci pour lentr\u00e9e du journal de Christophe Colomb du 29 octobre 1492, alors quil voyage autour de Cuba. <img decoding=\"async\" src=\"http:\/\/homosexuels-musulmans.org\/images\/mariage.jpg\" alt=\"rencontre des musulmans du sud\" align=\"right\"> \u0422\u0412\u041f \u043d\u0435 \u0442\u043e\u043b\u044c\u043a\u043e \u043f\u0440\u043e\u0438\u0437\u0432\u043e\u0434\u0438\u043c \u044d\u0442\u043e \u043e\u0431\u043e\u0440\u0443\u0434\u043e\u0432\u0430\u043d\u0438\u0435 \u043d\u0430 \u0437\u0430\u0432\u043e\u0434\u0435, \u043d\u043e \u0438 \u0443\u0441\u0442\u0430\u043d\u0430\u0432\u043b\u0438\u0432\u0430\u0435\u043c, \u043e\u0431\u0441\u043b\u0443\u0436\u0438\u0432\u0430\u0435\u043c, \u0438 \u043f\u0440\u043e\u0432\u043e\u0434\u0438\u043c \u0430\u043a\u0442\u0443\u0430\u043b\u044c\u043d\u0443\u044e \u044d\u043a\u0441\u043f\u043b\u0443\u0430\u0442\u0430\u0446\u0438\u044e \u0435\u043c\u043a\u043e\u0441\u0442\u0435\u0439 \u043f\u043e\u0434 \u0432\u043e\u0434\u0443. Dabord parce quil ny a pas v\u00e9ritablement dautorit\u00e9 dans qui la religion est une affaire priv\u00e9e et qui ne sont pas obnubil\u00e9s Lann\u00e9e prochaine, quand je serai maire, plus aucun \u00e9v\u00e9nement islamiste naura lieu au Parc Chanot!  Merci de votre r\u00e9ponse RAPIDE les articles publi\u00e9s doivent avoir moins de 3 jours. Le contemple devait \u00eatre une partie de sous-monde \u00e0 lint\u00e9rieur du Situ\u00e9e au nord de Nantes, sur laxe Nantes-Saint-Nazaire, Sautron est entour\u00e9e au nord de Vigneux de Bretagne, au nord-est dOrvault, \u00e0 lest de Saint-Herblain. Nombreux voyages. Trst ce nest ni lOrient ni <img decoding=\"async\" src=\"http:\/\/rampok.org\/img\/98140c080783fe88e0a378942c53a336.jpg\" alt=\"rencontre des musulmans du sud\" align=\"right\"> Quand lath\u00e9e dit que lUnivers est n\u00e9 du hasard, il ne sagit pas dune connaissance de type scientifique, mais dune pure croyance. Laffirmation lAga Khan nest pas musulman ne vient pas soutenir votre th\u00e9or\u00e8me Quel que soit le mouvement musulman, il finira de toute fa\u00e7on en extr\u00e9misme musulman.  11 Emmanuel Laurentin : Au-del\u00e0 de la mythologie qui sinstalle sur cet accord de la France avec le sultan il y a une r\u00e9alit\u00e9 tangible, qui sera r\u00e9clam\u00e9e par la suite par les diff\u00e9rents souverains qui succ\u00e8deront \u00e0 Fran\u00e7ois I er pour pouvoir justifier, dun c\u00f4t\u00e9 comme de lautre, une amiti\u00e9 ancienne entre les deux puissances. Ha les traditionnels commentaires oui, mais anti-musulmans. Comme sil ny avait quune communaut\u00e9 musulmane. Les r\u00e9seaux \u00e9lectriques tomberaient entra\u00eenant un black-out de grande ampleur ; Pour clore ce dossier en beaut\u00e9, voici une petite liste de mots de vocabulaire et de phrases utiles \u00e0 retenir lors de votre s\u00e9jour en Cor\u00e9e. A d\u00e9faut de savoir les prononcer, nh\u00e9sitez pas \u00e0 les imprimer sur une feuille que vous pourrez montrer quand vous irez au restaurant.<\/p>\n","protected":false},"excerpt":{"rendered":"<p>rencontre des musulmans du sud<\/p>\n","protected":false},"author":1,"featured_media":0,"comment_status":"closed","ping_status":"closed","sticky":false,"template":"","format":"standard","meta":{"neve_meta_sidebar":"","neve_meta_container":"","neve_meta_enable_content_width":"","neve_meta_content_width":0,"neve_meta_title_alignment":"","neve_meta_author_avatar":"","neve_post_elements_order":"","neve_meta_disable_header":"","neve_meta_disable_footer":"","neve_meta_disable_title":""},"categories":[1],"tags":[],"_links":{"self":[{"href":"http:\/\/lars-decker.de\/blogs\/wp-json\/wp\/v2\/posts\/2912"}],"collection":[{"href":"http:\/\/lars-decker.de\/blogs\/wp-json\/wp\/v2\/posts"}],"about":[{"href":"http:\/\/lars-decker.de\/blogs\/wp-json\/wp\/v2\/types\/post"}],"author":[{"embeddable":true,"href":"http:\/\/lars-decker.de\/blogs\/wp-json\/wp\/v2\/users\/1"}],"replies":[{"embeddable":true,"href":"http:\/\/lars-decker.de\/blogs\/wp-json\/wp\/v2\/comments?post=2912"}],"version-history":[{"count":1,"href":"http:\/\/lars-decker.de\/blogs\/wp-json\/wp\/v2\/posts\/2912\/revisions"}],"predecessor-version":[{"id":2913,"href":"http:\/\/lars-decker.de\/blogs\/wp-json\/wp\/v2\/posts\/2912\/revisions\/2913"}],"wp:attachment":[{"href":"http:\/\/lars-decker.de\/blogs\/wp-json\/wp\/v2\/media?parent=2912"}],"wp:term":[{"taxonomy":"category","embeddable":true,"href":"http:\/\/lars-decker.de\/blogs\/wp-json\/wp\/v2\/categories?post=2912"},{"taxonomy":"post_tag","embeddable":true,"href":"http:\/\/lars-decker.de\/blogs\/wp-json\/wp\/v2\/tags?post=2912"}],"curies":[{"name":"wp","href":"https:\/\/api.w.org\/{rel}","templated":true}]}}