{"id":2880,"date":"2020-06-24T11:02:35","date_gmt":"2020-06-24T11:02:35","guid":{"rendered":"http:\/\/lars-decker.de\/blogs\/?p=2880"},"modified":"2020-06-22T06:52:40","modified_gmt":"2020-06-22T06:52:40","slug":"rencontre-audenge","status":"publish","type":"post","link":"http:\/\/lars-decker.de\/blogs\/2020\/06\/24\/rencontre-audenge\/","title":{"rendered":"Rencontre Audenge"},"content":{"rendered":"<p>Sympa homme c\u00e9libataire de 67 ans cherche femme pour rencontre s\u00e9rieuse Nous vous fournissons ci-dessous un outil simple pour vous permettre de les accepter ou de les refuser, \u00e0 votre convenance.  Vous pouvez cliquer sur le petit bouton en dessous de la photo du profil concern\u00e9. Vous souhaitez d\u00e9couvrir de nouvelles Applications? Point Service Mobiles vous propose une s\u00e9lection dApp pour Smartphone et Tablette Android. De la simplicit\u00e9 et de la spontan\u00e9it\u00e9. Casaniers sabstenir Jeune homme sportif relativement muscl\u00e9 mais fin. De petite taille. Je suis ici pour rencontre s\u00e9rieux avec un homme sinc\u00e8re honn\u00eate et fid\u00e8le, tu veux pas du s\u00e9rieux passe ton chemin. Surtout soyez vous m\u00eame pas de menteur MERCI Bonjour. Je suis un mauricien dorigine hindou et jai 39 ans. Je travaille dans la restauration et je suis malheureusement un homme de couleur. Je voudrai rencontrer une fille sympa pour.. R\u00e9ouverture du March\u00e9 de plein air du vendredi Le gouvernement vient dautoriser la r\u00e9ouverture des march\u00e9s de plein air. Le march\u00e9 du vendredi aura donc lieu \u00e0 partir du vendredi 22 mai de 9h \u00e0 13h horaires modifi\u00e9s Dans cette p\u00e9riode transitoire, o\u00f9 la prudence doit pr\u00e9valoir, commer\u00e7ants et usagers devront respecter les gestes Salut \u00e0 tous? Je me pr\u00e9sente, je suis une dominatrice qui aime le cuir et le vinyl, la cravache..  Plut\u00f4t sportive, jaime faire des randonn\u00e9es dans la nature, bivouaquer. Jaime aussi voyager, d\u00e9couvrir des villes, des pays \u00e9trangers. <img decoding=\"async\" src=\"http:\/\/www.aquitaineonline.com\/images\/stories\/random\/gironde\/403_Domaine_de_Certes_Audenge.jpg\" alt=\"rencontre audenge\" align=\"left\"> Retrouvez lactualit\u00e9, les prises de parole hom\u00e9lie, conf\u00e9rence et publications de Mgr Jean-Paul James, archev\u00eaque de Bordeaux depuis le 14 novembre 2019. Je suis une femme divorc\u00e9e, non fumeuse, calme et s\u00e9rieuse, aimant les choses simples de la vie. <img decoding=\"async\" src=\"http:\/\/www.parenthousiasme.fr\/wp-content\/uploads\/2017\/06\/400-origami-coeurs.jpg\" alt=\"rencontre audenge\" align=\"left\"> 1 \u00e8re rencontre des Clubs nature Gironde Sensibiliser, pr\u00e9server, rassembler, agir! Ils ont pour but de collecter des informations relatives \u00e0 votre navigation et de vous adresser des offres et services personnalis\u00e9s.  <img decoding=\"async\" src=\"http:\/\/ekladata.com\/fINxHNmuijgOpmN3odPH7cTFw9U@600x800.jpg\" alt=\"rencontre audenge\" align=\"left\"> \u00c9tudiante en Master 1 RH en alternance, Ang\u00e9lina Vaul\u00e9on se distingue par sa pugnacit\u00e9 et sa volont\u00e9 de r\u00e9ussir sans faille. Sous la carapace, des valeurs humaines inestimables. Portrait chinois dun \u00e9tudiant en derni\u00e8re ann\u00e9e de cycle ing\u00e9nieur G\u00e9nie Industriel \u00e0 l\u00c9cole dIng\u00e9nieurs ENSIBS de lUniversit\u00e9 Bretagne Sud. Souhaite imp\u00e9rativement rencontre dans le d\u00e9partement de la Gironde. R\u00e9gion: Rencontres autour des livres: Audenge 22 InfoBassin Femme recherchant un homme pour relation s\u00e9rieuse. Femme joyeuse et ouverte aimant rire et sortir entre amis, sachant tenir son int\u00e9rieur. R\u00e9gion:.<\/p>\n","protected":false},"excerpt":{"rendered":"<p>rencontre audenge<\/p>\n","protected":false},"author":1,"featured_media":0,"comment_status":"closed","ping_status":"closed","sticky":false,"template":"","format":"standard","meta":{"neve_meta_sidebar":"","neve_meta_container":"","neve_meta_enable_content_width":"","neve_meta_content_width":0,"neve_meta_title_alignment":"","neve_meta_author_avatar":"","neve_post_elements_order":"","neve_meta_disable_header":"","neve_meta_disable_footer":"","neve_meta_disable_title":""},"categories":[1],"tags":[],"_links":{"self":[{"href":"http:\/\/lars-decker.de\/blogs\/wp-json\/wp\/v2\/posts\/2880"}],"collection":[{"href":"http:\/\/lars-decker.de\/blogs\/wp-json\/wp\/v2\/posts"}],"about":[{"href":"http:\/\/lars-decker.de\/blogs\/wp-json\/wp\/v2\/types\/post"}],"author":[{"embeddable":true,"href":"http:\/\/lars-decker.de\/blogs\/wp-json\/wp\/v2\/users\/1"}],"replies":[{"embeddable":true,"href":"http:\/\/lars-decker.de\/blogs\/wp-json\/wp\/v2\/comments?post=2880"}],"version-history":[{"count":1,"href":"http:\/\/lars-decker.de\/blogs\/wp-json\/wp\/v2\/posts\/2880\/revisions"}],"predecessor-version":[{"id":2881,"href":"http:\/\/lars-decker.de\/blogs\/wp-json\/wp\/v2\/posts\/2880\/revisions\/2881"}],"wp:attachment":[{"href":"http:\/\/lars-decker.de\/blogs\/wp-json\/wp\/v2\/media?parent=2880"}],"wp:term":[{"taxonomy":"category","embeddable":true,"href":"http:\/\/lars-decker.de\/blogs\/wp-json\/wp\/v2\/categories?post=2880"},{"taxonomy":"post_tag","embeddable":true,"href":"http:\/\/lars-decker.de\/blogs\/wp-json\/wp\/v2\/tags?post=2880"}],"curies":[{"name":"wp","href":"https:\/\/api.w.org\/{rel}","templated":true}]}}