{"id":2826,"date":"2020-06-24T13:58:16","date_gmt":"2020-06-24T13:58:16","guid":{"rendered":"http:\/\/lars-decker.de\/blogs\/?p=2826"},"modified":"2020-06-22T06:00:53","modified_gmt":"2020-06-22T06:00:53","slug":"rencontres-internationales-ubifrance","status":"publish","type":"post","link":"http:\/\/lars-decker.de\/blogs\/2020\/06\/24\/rencontres-internationales-ubifrance\/","title":{"rendered":"Rencontres Internationales Ubifrance"},"content":{"rendered":"<p>Depuis 2018, BUSINESS FRANCE, BPI France et la COFACE se sont regroup\u00e9s sous le label Team France Export afin dapporter un soutien coh\u00e9rent aux entreprises fran\u00e7aises. Ils permettent ainsi ensemble de regrouper : la prospection sur les march\u00e9s internationaux, le financement des projets ainsi que la s\u00e9curisation de ceux-ci via des produits dassurances sp\u00e9cifiques.-Pr\u00e9parer et adapter les strat\u00e9gies de d\u00e9veloppement aux march\u00e9s cibles. Yoko Nakamura, Ex-D\u00e9l\u00e9gu\u00e9 du Japanese Ministry of Health Labor and Welfare section Cosm\u00e9tique, a contribu\u00e9 \u00e0 la r\u00e9daction de la r\u00e9glementation cosm\u00e9tique au Japon. Elle en abordera les diff\u00e9rents aspects y compris la r\u00e8glementation des ingr\u00e9dients. Vous souhaitez saisir les opportunit\u00e9s li\u00e9es \u00e0 la pr\u00e9paration des grands \u00e9v\u00e8nements sportifs internationaux au Br\u00e9sil, au Japon, au Qatar et en Russie Coupe du Monde de Football, Jeux Olympiques.. Et dans dautres pays cibles? Identifier les circuits de d\u00e9cision et de passation des march\u00e9s de ces grands projets? Pr\u00e9senter votre entreprise et \u00e9valuer votre potentiel \u00e0 linternational sur ces march\u00e9s? Ne manquez pas la 3e \u00e9dition des Rencontres Internationales Grands Ev\u00e8nements Sportifs RIGES qui r\u00e9uniront les acteurs publics et priv\u00e9s de cette fili\u00e8re. <img decoding=\"async\" src=\"http:\/\/slideplayer.fr\/1\/175341\/big_thumb.jpg\" alt=\"rencontres internationales ubifrance\" align=\"center\"> Merci dentrer vos identifiants membres de SPORSORA Analytics: Gardez une trace du temps pass\u00e9 sur chaque page Eoghan ONeill, Commission Europ\u00e9enne, Policy Officer in the Digital Innovation Blockchain, DG Connect  Rejoignez nos 61 000 abonn\u00e9s \u00e0 la newsletter FrenchWeb. Le CES \u00e0 Paris, Twitter et les d\u00e9veloppeurs, Microsoft : les actus num\u00e9riques \u00e0 suivre cette semaine oiseau Twitter Tous droits r\u00e9serv\u00e9s. BFC Num\u00e9rique 2018. Lutilisation de ce site est conditionnelle \u00e0 lacceptation des conditions dutilisation et de la politique de confidentialit\u00e9. Forum Moci Forum Afrique Palmar\u00e8s Moci des PME et ETI \u00e0 linternational et ceux de nos partenaires. \u0395\u03be\u03b1\u03b9\u03c1\u03b5\u03c4\u03b9\u03ba\u03ae\u03c2 \u03c0\u03bf\u03b9\u03cc\u03c4\u03b7\u03c4\u03b1\u03c2 \u03c7\u03cd\u03bc\u03b1 Aftershave Lotion \u03bc\u03b5 \u03ac\u03c1\u03c9\u03bc\u03b1 Black Unisex \u03b1\u03c0\u03cc Bvlgari. Rechercher de nouveaux partenaires, japonais et internationaux, <img decoding=\"async\" src=\"http:\/\/s-www.lejsl.com\/images\/ce1fb751-2bd5-4ae3-8a70-0fb66862ea22\/BES_06\/illustration-logistique-du-futur-les-nouvelles-technologies-au-service-de-la-supply-chain_1-1466779029.jpg\" alt=\"rencontres internationales ubifrance\" align=\"left\"> Voici lagenda de toutes les manifestation organis\u00e9es par Ubifrance jusqu\u00e0 la fin de lann\u00e9e pour aider les dirigeants \u00e0 exporter leurs services et produits D\u00e9veloppeur pendant dix-sept ans, puis journaliste sp\u00e9cialis\u00e9 dans le d\u00e9veloppement, Pierre Tran a \u00e9t\u00e9 r\u00e9dacteur en chef de D\u00e9veloppeur R\u00e9f\u00e9rence et analyste au CXP. Il observe et analyse depuis plus de trente ans l\u00e9volution du d\u00e9veloppement logiciel et du num\u00e9rique, et traque les derni\u00e8res technologies et l\u00e9cosyst\u00e8me des startups innovantes. PierreTran sur Twitter, PierreTran sur Google En cons\u00e9quence, malgr\u00e9 le soin que nous apportons \u00e0 leur mise \u00e0 jour, certaines dates sont susceptibles d\u00e9voluer, notamment sur les \u00e9v\u00e9nements du premier semestre 2020. Essentiel: Rassemblez les informations que vous entrez dans un formulaire de contact, un bulletin dinformation et dautres formulaires sur toutes les pages <img decoding=\"async\" src=\"http:\/\/thumbs.dreamstime.com\/z\/carte-politique-de-kosovo-59568291.jpg\" alt=\"rencontres internationales ubifrance\" align=\"center\"> La derni\u00e8re modification de cette page a \u00e9t\u00e9 faite le 12 mai 2020 \u00e0 16:32. Notre promesse? Lexcellence marketing B2B \u00e0 Paris. La 4\u00e8me \u00e9dition des Rencontres Internationales du Num\u00e9rique aura lieu dans les locaux dUBIFRANCE \u00e0 Paris les 20 et 21 octobre 2011. Laura Flessel, ministre des Sports, a ouvert les Rencontres internationales des Grands \u00e9v\u00e9nements sportifs RIGES, organis\u00e9es par Business France, le lundi 4 d\u00e9cembre.  Val\u00e9rie Fourneyron, la ministre des Sports, de la Jeunesse, de l\u00c9ducation populaire et de la Vie associative, et Nicole Bricq, ministre du Commerce Ext\u00e9rieur, ont ouvert, vendredi 8 novembre 2013, la deuxi\u00e8me \u00e9dition des Rencontres Internationales Grands \u00c9v\u00e9nements Sportifs au c\u00f4t\u00e9 du mouvement sportif fran\u00e7ais et international et de grandes entreprises fran\u00e7aises. Pour la seconde \u00e9dition des .<\/p>\n","protected":false},"excerpt":{"rendered":"<p>rencontres internationales ubifrance<\/p>\n","protected":false},"author":1,"featured_media":0,"comment_status":"closed","ping_status":"closed","sticky":false,"template":"","format":"standard","meta":{"neve_meta_sidebar":"","neve_meta_container":"","neve_meta_enable_content_width":"","neve_meta_content_width":0,"neve_meta_title_alignment":"","neve_meta_author_avatar":"","neve_post_elements_order":"","neve_meta_disable_header":"","neve_meta_disable_footer":"","neve_meta_disable_title":""},"categories":[1],"tags":[],"_links":{"self":[{"href":"http:\/\/lars-decker.de\/blogs\/wp-json\/wp\/v2\/posts\/2826"}],"collection":[{"href":"http:\/\/lars-decker.de\/blogs\/wp-json\/wp\/v2\/posts"}],"about":[{"href":"http:\/\/lars-decker.de\/blogs\/wp-json\/wp\/v2\/types\/post"}],"author":[{"embeddable":true,"href":"http:\/\/lars-decker.de\/blogs\/wp-json\/wp\/v2\/users\/1"}],"replies":[{"embeddable":true,"href":"http:\/\/lars-decker.de\/blogs\/wp-json\/wp\/v2\/comments?post=2826"}],"version-history":[{"count":1,"href":"http:\/\/lars-decker.de\/blogs\/wp-json\/wp\/v2\/posts\/2826\/revisions"}],"predecessor-version":[{"id":2827,"href":"http:\/\/lars-decker.de\/blogs\/wp-json\/wp\/v2\/posts\/2826\/revisions\/2827"}],"wp:attachment":[{"href":"http:\/\/lars-decker.de\/blogs\/wp-json\/wp\/v2\/media?parent=2826"}],"wp:term":[{"taxonomy":"category","embeddable":true,"href":"http:\/\/lars-decker.de\/blogs\/wp-json\/wp\/v2\/categories?post=2826"},{"taxonomy":"post_tag","embeddable":true,"href":"http:\/\/lars-decker.de\/blogs\/wp-json\/wp\/v2\/tags?post=2826"}],"curies":[{"name":"wp","href":"https:\/\/api.w.org\/{rel}","templated":true}]}}