{"id":2822,"date":"2020-06-24T08:59:15","date_gmt":"2020-06-24T08:59:15","guid":{"rendered":"http:\/\/lars-decker.de\/blogs\/?p=2822"},"modified":"2020-06-22T05:58:59","modified_gmt":"2020-06-22T05:58:59","slug":"rencontre-la-ferte-alais","status":"publish","type":"post","link":"http:\/\/lars-decker.de\/blogs\/2020\/06\/24\/rencontre-la-ferte-alais\/","title":{"rendered":"Rencontre La Ferte Alais"},"content":{"rendered":"<p>Association de Loi 1901 POUR LA FERTE ALAIS-15 Villa de la Treille-91590 LA FERTE ALAIS Je vous propose de nous rencontrer samedi 14 mai 2016 en fin dapr\u00e8s-midi, de diner ensemble le samedi soir et de passer le dimanche au meeting.  Franchement, activit\u00e9 top \u00e0 refaire. Jean Michel est super, je le conseille \u00e0 tout le monde! Moi personnellement, je le referai parce que jai vraiment aim\u00e9. Merci \u00e0 Jean-Michel au Top, Top, Top. C est partis pour un nouveau Jet de photos, mais cette fois cel\u00e0 sera des photos de zincs de la 1\u00e8re guerre mondiale! NOTE : Limpression en regardant cette photo d\u00eatre redevenu le petit gar\u00e7on que j\u00e9tais. Courant dans lherbe, quand soudain, ce biplan surgit devant mes yeux. Pitts Special S2-B Chaque description et photo de profil est mod\u00e9r\u00e9e Enfin bon.. \u00c9taler tout \u00e7a ici mest un peu difficile, jai limpression de devo.. R\u00e9gion: La parabole acquiert une dimension plus large et d\u00e9livre ainsi un message pour tous les chr\u00e9tiens. En effet le riche, qui a des fr\u00e8res encore en vie, demande \u00e0 Abraham denvoyer Lazare les avertir ; mais Abraham r\u00e9pond : ils ont Mo\u00efse et les Proph\u00e8tes ; quils les \u00e9coutent v 29. Et devant lobjection formul\u00e9e par le riche, il ajoute : Du moment quils n\u00e9coutent pas Mo\u00efse et les Proph\u00e8tes, m\u00eame si quelquun ressuscite dentre les morts, ils ne seront pas convaincus v.31. Rencontre gratuite: Femmes c\u00e9libataires qui recherchent une relation durable et s\u00e9rieuse sur La Fert\u00e9-Alais et dans le d\u00e9partement de Seine-Saint-Denis Pendant qu une autre est en cours de restauration \u00e0 l AJBS! Il est \u00e9galement lauteur des affiches du meeting le Temps des h\u00e9lices de Cerny-La Fert\u00e9-Alais Le kokedama, litt\u00e9ralement sph\u00e8re de mousse, est une pratique r\u00e9cente, n\u00e9e au Japon dans les ann\u00e9es 90, et qui permet d\u00e9laborer de petites compositions v\u00e9g\u00e9tales \u00e0 partir dune plante et dune. Dim. 2601 au dim. 0507 Art floral et v\u00e9g\u00e9tal-enfant Quartier Japon Paris 09 75009 Pourquoi Meetic? Trouvez lamour aupr\u00e8s dune personne qui vous correspond <img decoding=\"async\" src=\"http:\/\/www.residence-amodru.fr\/wp-content\/uploads\/2018\/02\/IMG_2167-e1517480981583.jpg\" alt=\"rencontre la ferte alais\" align=\"left\">  voil\u00e0 encore quelques petites photos du SNAFU qui pour loccasion porte bien son nom.. <img decoding=\"async\" src=\"http:\/\/www.webarcherie.com\/uploads\/monthly_2016_03\/263968_10151083407868403_1603349116_n.jpg.e74143b772c90e9baf4c45d66c4a548d.jpg\" alt=\"rencontre la ferte alais\" align=\"center\"> <img decoding=\"async\" src=\"http:\/\/www.parc-gatinais-francais.fr\/wp-content\/uploads\/2015\/09\/La-Ferte-Alais-7.jpg\" alt=\"rencontre la ferte alais\" align=\"right\"> Rando dourdan-la fert\u00e9 alais. 37km-OnVaSortir! Paris Sur les traces dun trio de rock am\u00e9ricain aux barbes devenues mythiques, qui c\u00e9l\u00e8bre en 2019 les cinquante ans dune carri\u00e8re bien remplie. Salut! Petite curiosit\u00e9 pour les rencontres par internet, d\u00e9butant en la mati\u00e8re, jaime bien lid\u00e9e de pouvoir rencontrer quelquun dont on doit tout apprendre. Je suis quelquun de simple, lunaire par moment d\u00e9formation professionnelle, tr\u00e8s curieux et marrant. Impulsif de la vie, des sorties, des voyages et de la libert\u00e9 avant toute chose, jaimerais rencontrer une fille au caract\u00e8re fort qui me fera aimer sa vision de la vie! R\u00e9gion: Notre cabinet de d\u00e9tective priv\u00e9 est agr\u00e9\u00e9 par le CNAPS, adh\u00e9rent au SNARP et au r\u00e9seau France D\u00e9tective. Nous vous remercions pour nos dipl\u00f4mes D\u00e9couvAIRte et tenons \u00e0 vous remercier pour la qualit\u00e9 de votre contribution \u00e0 nos Journ\u00e9es Portes Ouvertes ainsi que pour votre disponibilit\u00e9. Les retours ont \u00e9t\u00e9 tr\u00e8s positifs et nous esp\u00e9rons tous, \u00e9l\u00e8ves et enseignants, pouvoir renouveler cette exp\u00e9rience avant la fin de lann\u00e9e scolaire. Merci beaucoup! Retrouvez vos favoris depuis nimporte quel ordinateur, tablette ou smartphone  Le batiment C vient daccueillir un nouvel espace pour les arts plastiques, d\u00e9di\u00e9 \u00e0 la photographie. Ce lieu contient un studio cyclorama sur fond vert permettant lincrustation photo et vid\u00e9o. Enti\u00e8rement r\u00e9alis\u00e9 par les \u00e9quipes techniques de l\u00e9tablissement..<\/p>\n","protected":false},"excerpt":{"rendered":"<p>rencontre la ferte alais<\/p>\n","protected":false},"author":1,"featured_media":0,"comment_status":"closed","ping_status":"closed","sticky":false,"template":"","format":"standard","meta":{"neve_meta_sidebar":"","neve_meta_container":"","neve_meta_enable_content_width":"","neve_meta_content_width":0,"neve_meta_title_alignment":"","neve_meta_author_avatar":"","neve_post_elements_order":"","neve_meta_disable_header":"","neve_meta_disable_footer":"","neve_meta_disable_title":""},"categories":[1],"tags":[],"_links":{"self":[{"href":"http:\/\/lars-decker.de\/blogs\/wp-json\/wp\/v2\/posts\/2822"}],"collection":[{"href":"http:\/\/lars-decker.de\/blogs\/wp-json\/wp\/v2\/posts"}],"about":[{"href":"http:\/\/lars-decker.de\/blogs\/wp-json\/wp\/v2\/types\/post"}],"author":[{"embeddable":true,"href":"http:\/\/lars-decker.de\/blogs\/wp-json\/wp\/v2\/users\/1"}],"replies":[{"embeddable":true,"href":"http:\/\/lars-decker.de\/blogs\/wp-json\/wp\/v2\/comments?post=2822"}],"version-history":[{"count":1,"href":"http:\/\/lars-decker.de\/blogs\/wp-json\/wp\/v2\/posts\/2822\/revisions"}],"predecessor-version":[{"id":2823,"href":"http:\/\/lars-decker.de\/blogs\/wp-json\/wp\/v2\/posts\/2822\/revisions\/2823"}],"wp:attachment":[{"href":"http:\/\/lars-decker.de\/blogs\/wp-json\/wp\/v2\/media?parent=2822"}],"wp:term":[{"taxonomy":"category","embeddable":true,"href":"http:\/\/lars-decker.de\/blogs\/wp-json\/wp\/v2\/categories?post=2822"},{"taxonomy":"post_tag","embeddable":true,"href":"http:\/\/lars-decker.de\/blogs\/wp-json\/wp\/v2\/tags?post=2822"}],"curies":[{"name":"wp","href":"https:\/\/api.w.org\/{rel}","templated":true}]}}