{"id":2820,"date":"2020-06-24T16:02:28","date_gmt":"2020-06-24T16:02:28","guid":{"rendered":"http:\/\/lars-decker.de\/blogs\/?p=2820"},"modified":"2020-06-22T05:56:28","modified_gmt":"2020-06-22T05:56:28","slug":"rencontre-a-frehel","status":"publish","type":"post","link":"http:\/\/lars-decker.de\/blogs\/2020\/06\/24\/rencontre-a-frehel\/","title":{"rendered":"Rencontre A Frehel"},"content":{"rendered":"<p>Nous glisserons dans sa d\u00e9gringolade entre coca\u00efne et alcool Du 13 au 14 juin 2020 Deux jours de f\u00eate pour d\u00e9couvrir le Parc du haut-fourneau U4..  Vendredi 17 mai \u00e0 19h30, A loccasion de la sortie du livre anniversaire des 10 ans de Wildproject Un sol commun, Lutter, Habiter, Penser de Marin Schaffner Nous vous proposons une rencontre avec lauteur et l\u00e9diteur de cette premi\u00e8re cartographie des pens\u00e9e de l\u00e9cologie. Un sol commun est un livre passionnant dentretiens avec des auteurs, En 1923, elle se d\u00e9cide tout de m\u00eame \u00e0 rentrer \u00e0 Paris. M\u00e9connaissable, elle remporte malgr\u00e9 tout un succ\u00e8s ind\u00e9niable \u00e0 lOlympia en 1924. Le public est boulevers\u00e9 par cette femme meurtrie et affaiblie qui pleure sa vie sur sc\u00e8ne avec une voix qui tord les tripes. R\u00e9cits et carnets de voyage dun globetrotter en France et autour du monde, hors des sentiers battus. 1971 : Ballade de Melody Nelson avec Jane Birkin Images impressionnantes en particulier, les vid\u00e9os obtenues par assemblage de photos prises parfois sur une dur\u00e9e de plusieurs ann\u00e9es, cibl\u00e9es sur des galaxies, \u00e9toiles, trous noirs, plan\u00e8tes, etc en nombre colossal souvent des milliards et situ\u00e9s \u00e0 des distances vertigineuses multiples de millions et milliards dann\u00e9e lumi\u00e8re. Dans lentre-deux-guerres, Fr\u00e9hel rena\u00eet de ses cendres. Au mois de novembre 1923, elle retrouve la sc\u00e8ne parisienne \u00e0 lOlympia. Alors que ses exc\u00e8s lont m\u00e9tamorphos\u00e9e, linoubliable oubli\u00e9e re\u00e7oit un triomphe de la part du public ravi de retrouver son r\u00e9pertoire r\u00e9aliste. En plus des planches du music-hall, Fr\u00e9hel retrouve enfin les studios des maisons de disques pour enregistrer en 1926 son deuxi\u00e8me disque. Son physique hors-norme lui ouvre m\u00eame les portes du monde du cin\u00e9ma dans les ann\u00e9es 1930. Parmi ses apparitions sur le grand \u00e9cran, on retiendra le film P\u00e9p\u00e9 le Moko de Julien Duvivier, sorti en 1937. Aux c\u00f4t\u00e9s de la nouvelle star du cin\u00e9ma fran\u00e7ais, Jean Gabin, Fr\u00e9hel y interpr\u00e8te la chanson O\u00f9 est-il donc. Deux ans auparavant, le 30 avril 1935, elle a \u00e9pous\u00e9 en secondes noces Georges Boettgen \u00e0 la mairie du 9 e arrondissement. En 1939, elle interpr\u00e8te lun de ses plus grands succ\u00e8s, La Java bleue. En janvier 1964, Serge se marie avec Fran\u00e7oise Pancrazzi, dite B\u00e9atrice dont ils auront deux enfants : Natacha et Paul et il commence \u00e0 \u00e9crire pour France Gall. Son N\u00e9coutez pas les idoles sorti en mars 1964 s\u00e9coulera \u00e0 plus de 300 000 exemplaires! Interview\u00e9 le 3 janvier 1965 \u00e0 Discorama par Denise Glaser \u00e0 propos des y\u00e9-y\u00e9 et du rock, il r\u00e9pond : Jai retourn\u00e9 ma veste, parce que je me suis aper\u00e7u que la doublure \u00e9tait en vison. Je trouve quil est plus acceptable de faire du rock sans pr\u00e9tention que de faire de la mauvaise chanson \u00e0 pr\u00e9tention litt\u00e9raire. Ses propres disques ne se vendent pas, mais ses interpr\u00e8tes rencontrent le succ\u00e8s.  La Chanson du vieux marin Andrieu-L\u00e9o Daniderff 3 juin. Columbia DF 589 Matrice WL 3147-1 Acc. Orch. Pierre Chagnon. 255  Lo\u00efg Chesnais-Girard et Thierry Burlot ont rencontr\u00e9 les responsables des grandes associations environnementales et les \u00e9lus locaux impliqu\u00e9s Tester les plats de saison : le fameux Kig ha fars ou pot au feu breton accompagn\u00e9 du lipig, sauce m\u00e9langeant le beurre sal\u00e9 et les \u00e9chalotes. Se d\u00e9salt\u00e9rer avec une bol\u00e9e de cidre ou un verre de jus de pomme. <img decoding=\"async\" src=\"http:\/\/p.calameoassets.com\/180219114443-474f14e894ee41135b4a23365b13eb49\/p12.jpg\" alt=\"rencontre a frehel\" align=\"center\"> Recevez la carte des plus beaux endroits de France en vous inscrivant \u00e0 la newsletter Cest un petit bal musette Gabriello-Alex Stone 15 septembre. Orchestre musette Pierrot TARIF 25 par personne pour la sortie d1h30 Fort La Latte Cap Fr\u00e9hel. Renan organise aussi dautres sorties Saint Malo, iles Chausey \u00e0 la journ\u00e9e, et selon vos id\u00e9es. Envie de d\u00e9couvrir le savoir-faire de nos fermiers? Que vous soyez, en groupe, en famille ou entre amis, avec votre classe ou en centre de loisirs, des activit\u00e9s vari\u00e9es, p\u00e9dagogiques et ludiques, vous sont propos\u00e9es. <img decoding=\"async\" src=\"http:\/\/www.bretagne.bzh\/upload\/docs\/image\/jpeg\/2017-09\/rencontre_capfrehel_22sept2017.jpg.associated\/th-800x450-rencontre_capfrehel_22sept2017.jpg.jpg\" alt=\"rencontre a frehel\" align=\"right\"> Et puis tant qu\u00e0 y \u00eatre, nous citerons ce t\u00e9moignage paru dans Ici Paris dune danseuse qui, trente ans apr\u00e8s, raconte sa rencontre avec Fr\u00e9hel : <img decoding=\"async\" src=\"http:\/\/thalieandco.com\/wp-content\/uploads\/2018\/05\/thalieandco-frehel-7.jpg\" alt=\"rencontre a frehel\" align=\"center\">.<\/p>\n","protected":false},"excerpt":{"rendered":"<p>rencontre a frehel<\/p>\n","protected":false},"author":1,"featured_media":0,"comment_status":"closed","ping_status":"closed","sticky":false,"template":"","format":"standard","meta":{"neve_meta_sidebar":"","neve_meta_container":"","neve_meta_enable_content_width":"","neve_meta_content_width":0,"neve_meta_title_alignment":"","neve_meta_author_avatar":"","neve_post_elements_order":"","neve_meta_disable_header":"","neve_meta_disable_footer":"","neve_meta_disable_title":""},"categories":[1],"tags":[],"_links":{"self":[{"href":"http:\/\/lars-decker.de\/blogs\/wp-json\/wp\/v2\/posts\/2820"}],"collection":[{"href":"http:\/\/lars-decker.de\/blogs\/wp-json\/wp\/v2\/posts"}],"about":[{"href":"http:\/\/lars-decker.de\/blogs\/wp-json\/wp\/v2\/types\/post"}],"author":[{"embeddable":true,"href":"http:\/\/lars-decker.de\/blogs\/wp-json\/wp\/v2\/users\/1"}],"replies":[{"embeddable":true,"href":"http:\/\/lars-decker.de\/blogs\/wp-json\/wp\/v2\/comments?post=2820"}],"version-history":[{"count":1,"href":"http:\/\/lars-decker.de\/blogs\/wp-json\/wp\/v2\/posts\/2820\/revisions"}],"predecessor-version":[{"id":2821,"href":"http:\/\/lars-decker.de\/blogs\/wp-json\/wp\/v2\/posts\/2820\/revisions\/2821"}],"wp:attachment":[{"href":"http:\/\/lars-decker.de\/blogs\/wp-json\/wp\/v2\/media?parent=2820"}],"wp:term":[{"taxonomy":"category","embeddable":true,"href":"http:\/\/lars-decker.de\/blogs\/wp-json\/wp\/v2\/categories?post=2820"},{"taxonomy":"post_tag","embeddable":true,"href":"http:\/\/lars-decker.de\/blogs\/wp-json\/wp\/v2\/tags?post=2820"}],"curies":[{"name":"wp","href":"https:\/\/api.w.org\/{rel}","templated":true}]}}