{"id":2802,"date":"2020-06-24T17:20:18","date_gmt":"2020-06-24T17:20:18","guid":{"rendered":"http:\/\/lars-decker.de\/blogs\/?p=2802"},"modified":"2020-06-22T05:43:44","modified_gmt":"2020-06-22T05:43:44","slug":"rencontres-hip-hop-suresnes","status":"publish","type":"post","link":"http:\/\/lars-decker.de\/blogs\/2020\/06\/24\/rencontres-hip-hop-suresnes\/","title":{"rendered":"Rencontres Hip Hop Suresnes"},"content":{"rendered":"<p>En 2014 elle prie part au spectacle Ruhm de la Compagnie Renegate Compagnie Allemande. Elle est enfin cofondatrice et directrice artistique de lassociation AscEnDanse Hip Hop pour L\u00e9dition papier du vendredi le Magazine Humanit\u00e9 Dimanche tout le site humanite.fr en illimit\u00e9  Th\u00e9\u00e2tre classique avec Goldoni et Moli\u00e8re, Litt\u00e9rature et philosophie avec Bernanos ou <img decoding=\"async\" src=\"http:\/\/www.sudplanete.net\/_uploads\/images\/galerie\/rep_galerie\/article_10629_2_0.jpg\" alt=\"rencontres hip hop suresnes\" align=\"left\"> Cinq d\u00e9fis lanc\u00e9s aux chor\u00e9graphes et aux danseurs : Investissez le th\u00e9\u00e2tre pendant 2 mois, utilisez les plateaux, studios, mat\u00e9riels lumi\u00e8re, son, techniciens du th\u00e9\u00e2tre, travaillez le jour, la nuit, et cr\u00e9ez 5 pi\u00e8ces que je me charge de pr\u00e9senter au public.  <img decoding=\"async\" src=\"http:\/\/www.lescariatides.com\/wp-content\/uploads\/2014\/04\/1601873_723814820992531_116838809_o.jpg\" alt=\"rencontres hip hop suresnes\" align=\"right\"> <img decoding=\"async\" src=\"http:\/\/eurairlscout.cf\/437-home_default\/epiphone-les-paul-tribute-plus-outfit-midnight-ebony.jpg\" alt=\"rencontres hip hop suresnes\" align=\"left\"> En 1978, il cr\u00e9e Meyer Productions, une soci\u00e9t\u00e9 de production et dorganisation de tourn\u00e9es de spectacles qui sest fait conna\u00eetre par des tourn\u00e9es dartistes fran\u00e7ais en Am\u00e9rique du Sud, en Afrique et en Asie, avec des artistes comme Rudolph Noureev, Philippe Herreweghe, Jean-Claude Casadesus et Jacques Higelin etc. Quelle f\u00e9condit\u00e9 chez Pierre Notte! Dramaturge tr\u00e8s fertile, il Le 10 juin par Avec Alfredo Arias, Carlos Casella, Marcos Montes,Sandra Guida dans le r\u00f4le de Eva del Sur Alejandra Radano,, Avec le bien nomm\u00e9 Vertikal, Mourad Merzouki lance dix interpr\u00e8tes \u00e0 lassaut de hautes parois. Lenjeu de ce nouveau d\u00e9fi: faire basculer le hip hop et son vocabulaire du c\u00f4t\u00e9 de la varappe et de lenvol. Equip\u00e9s de baudriers, arrim\u00e9s \u00e0 la paroi mais d\u00e9collant aussi large, les danseurs-acrobates impulsent des allers-retours permanents envelopp\u00e9s par une \u00e9nergie spiral\u00e9e. Ils renversent les perspectives le long dun fil \u00e9lastique qui relie le sol et le ciel en faisant oublier la gravit\u00e9. Lib\u00e9rant une \u00e9nergie intense et douce aussi, ils saccrochent, tournoient et planent, aur\u00e9olant les mouvements dune qualit\u00e9 in\u00e9dite. Avec Vertikal, Mourad Merzouki envoie valser son \u00e9criture en propulsant la technique hip hop vers une nouvelle virtuosit\u00e9. La suspension dans tous ses \u00e9tats convoque un lyrisme en apesanteur sur les envol\u00e9es musicales dArmand Amar. 2017 : L\u00c9closion des gorilles au c\u0153ur dartichaut  \u00c0 Suresnes, les danseurs ont dans\u00e9 sur Bach, Vivaldi, Haendel, mais aussi sur l\u00e9lectro, le jazz, raconte Olivier Meyer, patron du festival et du Th\u00e9\u00e2tre de Suresnes. On a beaucoup ouvert, provoqu\u00e9 des rencontres artistiques. Des chor\u00e9graphes contemporains ont tent\u00e9 ce pari de la rencontre. Pr\u00e9parez-vous \u00e0 voir la vie plus belle. Cette 27e \u00e9dition met en vedette des chor\u00e9graphes qui ont lart douvrir les fronti\u00e8res pour inventer un objet dansant singulier. Il y a ceux qui viennent dailleurs, riches dune culture quils insufflent \u00e0 leur \u00e9criture hip hop. Et puis, il y a Josette Ba\u00efz dont le langage se nourrit de toutes les cultures. Texte : Fran\u00e7oise Louis-Chambon. Photos : Dan Aucante D\u00e9couvrez nos offres 100 num\u00e9rique \u00e0 partir de 1 le premier mois Une des derni\u00e8res soir\u00e9es de Carnaval, de Goldoni, mis en sc\u00e8ne par Cl\u00e9ment Hervieu-L\u00e9ger de la Com\u00e9die-Fran\u00e7aise, Les Fourberies de Scapin, de Moli\u00e8re, mis en sc\u00e8ne par Denis Podalyd\u00e8s de la Com\u00e9die-Fran\u00e7aise, ou le Ballet de Lyon, entre autres, seront accueillis sur cette nouvelle sc\u00e8ne. Et partagez-l\u00e0 avec les autres utilisateurs Oui Non Palpitante travers\u00e9e hip hop avec ces trois figures aventureuses et embl\u00e9matiques de la sc\u00e8ne chor\u00e9graphique que sont Anthony Eg\u00e9a, Junior et Micka\u00ebl Le Mer. Festival Suresnes cit\u00e9s danse, 24e \u00e9dition. Th\u00e9\u00e2tre de Suresnes Jean Vilar 29I2016. Hashtag. Pockemon Crew. Direction Riyad Fghani. Avec Moncef Zebiri, Karl Asokan, Fares Baliouz, Alex Tuy, Hyacinthe Vallerie, Mehdi Meziane, Patrick MBala Mangu, Nagueye Mahmoud, Mabrouk Gouicem, Rachid Hamchaoui. Lumi\u00e8res et sc\u00e9nographie : Arnaud Carlet. Cr\u00e9ation musicale : Flavien Swealer Taulelle. Cr\u00e9ation costumes : Nadine Chabannier. Production : Association Qui Fait \u00c7a? Kiffer \u00c7a! Harmonize. Mise en sc\u00e8ne, chor\u00e9graphie, lumi\u00e8res et video : Seung-Ju Lee. Morning of Owl Cor\u00e9e du Sud. Avec Kwang-Seok Park, Hyo-Sung Ju, Kyu-Min Ahn, Sang-Gon han, Seung-Hwan Moon, Ki-Ju Kim et Do-Young Kim. Micka\u00ebl Le Mer na pas seulement \u00f4t\u00e9 leurs baskets \u00e0 ses danseurs de hip hop. Il les a d\u00e9barrass\u00e9s de cette qu\u00eate de performance \u00e0 tout prix. Au profit de l\u00e9mergence dune sensibilit\u00e9, dune po\u00e9sie. D\u00e9passer le spectaculaire pour aboutir \u00e0 une int\u00e9riorit\u00e9 plus f\u00e9conde et peut-\u00eatre plus touchante. OpenEdition est un portail de ressources \u00e9lectroniques en sciences humaines et sociales. Suspendre la course effr\u00e9n\u00e9e du temps. Sarr\u00eater.. Se stabiliser. Se retourner et faire le point. Porter un regard neuf sur le chemin parcouru afin den tirer les conclusions n\u00e9cessaires et de rester acteur de sa vie, de son art. Rencontre avec le hip-hop venu du froid LHumanit\u00e9 Repr\u00e9sentation les 14, 15 et 17 janvier dur\u00e9e 1h au Th\u00e9\u00e2tre de Suresnes Jean Vilar, 16 place Stalingrad 92150 Suresnes. Plein tarif : 23 euros Tarif r\u00e9duit : 19 euros Tarif jeune moins de 26 ans, \u00e9tudiants de moins de 30 ans : 12 euros Tarif enfants moins de 12 ans : 10 euros. Plus dinformations. Rouge Le Festival Suresnes cit\u00e9s danse met le hip-hop en fusion.<\/p>\n","protected":false},"excerpt":{"rendered":"<p>rencontres hip hop suresnes<\/p>\n","protected":false},"author":1,"featured_media":0,"comment_status":"closed","ping_status":"closed","sticky":false,"template":"","format":"standard","meta":{"neve_meta_sidebar":"","neve_meta_container":"","neve_meta_enable_content_width":"","neve_meta_content_width":0,"neve_meta_title_alignment":"","neve_meta_author_avatar":"","neve_post_elements_order":"","neve_meta_disable_header":"","neve_meta_disable_footer":"","neve_meta_disable_title":""},"categories":[1],"tags":[],"_links":{"self":[{"href":"http:\/\/lars-decker.de\/blogs\/wp-json\/wp\/v2\/posts\/2802"}],"collection":[{"href":"http:\/\/lars-decker.de\/blogs\/wp-json\/wp\/v2\/posts"}],"about":[{"href":"http:\/\/lars-decker.de\/blogs\/wp-json\/wp\/v2\/types\/post"}],"author":[{"embeddable":true,"href":"http:\/\/lars-decker.de\/blogs\/wp-json\/wp\/v2\/users\/1"}],"replies":[{"embeddable":true,"href":"http:\/\/lars-decker.de\/blogs\/wp-json\/wp\/v2\/comments?post=2802"}],"version-history":[{"count":1,"href":"http:\/\/lars-decker.de\/blogs\/wp-json\/wp\/v2\/posts\/2802\/revisions"}],"predecessor-version":[{"id":2803,"href":"http:\/\/lars-decker.de\/blogs\/wp-json\/wp\/v2\/posts\/2802\/revisions\/2803"}],"wp:attachment":[{"href":"http:\/\/lars-decker.de\/blogs\/wp-json\/wp\/v2\/media?parent=2802"}],"wp:term":[{"taxonomy":"category","embeddable":true,"href":"http:\/\/lars-decker.de\/blogs\/wp-json\/wp\/v2\/categories?post=2802"},{"taxonomy":"post_tag","embeddable":true,"href":"http:\/\/lars-decker.de\/blogs\/wp-json\/wp\/v2\/tags?post=2802"}],"curies":[{"name":"wp","href":"https:\/\/api.w.org\/{rel}","templated":true}]}}