{"id":2788,"date":"2020-06-24T09:39:25","date_gmt":"2020-06-24T09:39:25","guid":{"rendered":"http:\/\/lars-decker.de\/blogs\/?p=2788"},"modified":"2020-06-22T05:34:59","modified_gmt":"2020-06-22T05:34:59","slug":"rencontre-rouyn-noranda","status":"publish","type":"post","link":"http:\/\/lars-decker.de\/blogs\/2020\/06\/24\/rencontre-rouyn-noranda\/","title":{"rendered":"Rencontre Rouyn Noranda"},"content":{"rendered":"<p> Les s\u00e9quelles de laccident varient selon la zone du cerveau affect\u00e9e, la gravit\u00e9 du traumatisme cranio-c\u00e9r\u00e9bral, l\u00e2ge de la personne, ses ant\u00e9c\u00e9dents, les soins et le support re\u00e7us, etc. Mais une chose est s\u00fbre: devant un tel succ\u00e8s, on peut certainement pr\u00e9dire quon verra de tels paniers dans dautres r\u00e9gions du Qu\u00e9bec. Title Rencontre du Groupe de discussion 20 LGBT Rouyn-Noranda Inscription obligatoire par t\u00e9l\u00e9phone : 819 764-3554 R\u00e9pit gratuit pour le proche aidant qui soccupe dune personne atteinte de la maladie de la m\u00e9moire LUQAT accueillera la deuxi\u00e8me \u00e9dition de la qui se tiendra le samedi 26 octobre 2019. Vous pourrez venir visiter nos expositions gratuitement comme \u00e0 laccoutum\u00e9e. Trois expositions tiennent laffiche : Le design graphique, \u00e7a bouge! du Centre de design de lUQAM, The Black Room avec les vid\u00e9os de Jean-Ambroise Vesac et Michelange Quay pr\u00e9sent\u00e9es en novembre 2019 \u00e0 la Nuit Blanche de Port-au-Prince et Oies, jutes et feuilles de Jean-Paul Riopelle compos\u00e9es de huit magnifiques lithographies tir\u00e9es de la collection du MA. Des ateliers interactifs pour rendre l\u00e9v\u00e9nement encore plus dynamique, dont neuf \u00e0 Montr\u00e9al 12 h 15: Soulager larthrite, conseils dun physioth\u00e9rapeute 2018, par Denis Fortier Vous voulez sentir quelque chose de diff\u00e9rent? Vous voulez ressentir une \u00e9nergie incroyable? Quattendez-vous pour vous joindre \u00e0 nous afin davoir la chance de d\u00e9couvrir notre DJ officiel Oori? Il sera \u00e9galement le ma\u00eetre des ateliers de Raegaton. En effet, votre corps ne pourra semp\u00eacher de s\u00e9merveiller et de danser au son de rythmes incroyables. <img decoding=\"async\" src=\"http:\/\/www.maillonrn.org\/wp-content\/uploads\/interlocal-logo.jpg\" alt=\"rencontre rouyn noranda\" align=\"right\"> Un nouveau d\u00e9fi et des rencontres stimulantes?-R\u00e9seau 50 Abitibi-T\u00e9miscamingue Propos\u00e9 par Soci\u00e9t\u00e9 Alzheimer Abitibi-T\u00e9miscamingue, secteur T\u00e9miscamingue  En hommage \u00e0 tous ceux et celles qui poss\u00e8dent une carte de membre Costco, le.Panda nous pr\u00e9sente un premier single de son album qui para\u00eetra \u00e0 lautomne. Est la glorification de lenrichissement \u00e0 moyen prix, lapologie de la consommation des voyages tout inclus et de lexpansion de sa marge de cr\u00e9dit, parce quapr\u00e8s tout, on le m\u00e9rite. Dream big, de lenrichissement r\u00e9el \u00e0 la sp\u00e9culation, le.Panda pose un regard satirique sur lascension sociale normalis\u00e9e et lacc\u00e8s au bonheur par lacquisition de biens mat\u00e9riels. <img decoding=\"async\" src=\"http:\/\/qmjhl.uploads.s3.amazonaws.com\/app\/uploads\/rouyn-noranda_huskies\/2016\/01\/13112127\/G_Bouchard.jpg\" alt=\"rencontre rouyn noranda\" align=\"center\"> Cindy Clark, native de Rouyn-Noranda, a travaill\u00e9 comme agent de bord pour Jetsgo et Air Transat, avant d\u00eatre embauch\u00e9e par Emirates, ce qui la amen\u00e9e \u00e0 d\u00e9m\u00e9nager \u00e0 Duba\u00ef, o\u00f9 elle a v\u00e9cu deux ans. Au terme de son contrat, elle d\u00e9cidait de rentrer en Abitibi et, en 2007, elle devenait conseill\u00e8re chez Voyages Rouyn-Noranda, une agence fond\u00e9e en 1997 par Suzanne Tardif et Marc Lagrange. En 2009, Cindy devait accompagner un groupe en \u00c9gypte. Avant son d\u00e9part, en consultant Facebook, elle sest aper\u00e7u quun autre natif de Rouyn devait s\u00e9journer \u00e0 Sharm el-Cheikh, sur la mer Rouge, au moment o\u00f9 elle y serait de passage avec son groupe : Jonathan Lacombe, qui vivait en Guin\u00e9e o\u00f9 il agissait comme gestionnaire de projets pour la compagnie mini\u00e8re Rio Tinto. Il avait d\u00e9cid\u00e9 de profiter de ses vacances pour visiter l\u00c9gypte. Elle la contact\u00e9 via Facebook. Ils se sont donn\u00e9s rendez-vous, se sont rencontr\u00e9s dans la station baln\u00e9aire du Sina\u00ef et ce fut le coup de foudre. <img decoding=\"async\" src=\"http:\/\/blogues.banq.qc.ca\/instantanes\/wp-content\/uploads\/sites\/5\/2017\/03\/08YP124P317-42-7.jpg\" alt=\"rencontre rouyn noranda\" align=\"right\"> Vous navez qu\u00e0 filmer votre enfant en train de lire une histoire \u00e0 laide de votre t\u00e9l\u00e9phone cellulaire ou autre appareil disponible \u00e0 la maison. .<\/p>\n","protected":false},"excerpt":{"rendered":"<p>rencontre rouyn noranda<\/p>\n","protected":false},"author":1,"featured_media":0,"comment_status":"closed","ping_status":"closed","sticky":false,"template":"","format":"standard","meta":{"neve_meta_sidebar":"","neve_meta_container":"","neve_meta_enable_content_width":"","neve_meta_content_width":0,"neve_meta_title_alignment":"","neve_meta_author_avatar":"","neve_post_elements_order":"","neve_meta_disable_header":"","neve_meta_disable_footer":"","neve_meta_disable_title":""},"categories":[1],"tags":[],"_links":{"self":[{"href":"http:\/\/lars-decker.de\/blogs\/wp-json\/wp\/v2\/posts\/2788"}],"collection":[{"href":"http:\/\/lars-decker.de\/blogs\/wp-json\/wp\/v2\/posts"}],"about":[{"href":"http:\/\/lars-decker.de\/blogs\/wp-json\/wp\/v2\/types\/post"}],"author":[{"embeddable":true,"href":"http:\/\/lars-decker.de\/blogs\/wp-json\/wp\/v2\/users\/1"}],"replies":[{"embeddable":true,"href":"http:\/\/lars-decker.de\/blogs\/wp-json\/wp\/v2\/comments?post=2788"}],"version-history":[{"count":1,"href":"http:\/\/lars-decker.de\/blogs\/wp-json\/wp\/v2\/posts\/2788\/revisions"}],"predecessor-version":[{"id":2789,"href":"http:\/\/lars-decker.de\/blogs\/wp-json\/wp\/v2\/posts\/2788\/revisions\/2789"}],"wp:attachment":[{"href":"http:\/\/lars-decker.de\/blogs\/wp-json\/wp\/v2\/media?parent=2788"}],"wp:term":[{"taxonomy":"category","embeddable":true,"href":"http:\/\/lars-decker.de\/blogs\/wp-json\/wp\/v2\/categories?post=2788"},{"taxonomy":"post_tag","embeddable":true,"href":"http:\/\/lars-decker.de\/blogs\/wp-json\/wp\/v2\/tags?post=2788"}],"curies":[{"name":"wp","href":"https:\/\/api.w.org\/{rel}","templated":true}]}}