{"id":2736,"date":"2020-06-24T02:18:04","date_gmt":"2020-06-24T02:18:04","guid":{"rendered":"http:\/\/lars-decker.de\/blogs\/?p=2736"},"modified":"2020-06-22T04:57:21","modified_gmt":"2020-06-22T04:57:21","slug":"rencontre-acteurs-publics","status":"publish","type":"post","link":"http:\/\/lars-decker.de\/blogs\/2020\/06\/24\/rencontre-acteurs-publics\/","title":{"rendered":"Rencontre Acteurs Publics"},"content":{"rendered":"<p>Journ\u00e9e organis\u00e9e par R\u00e9sO Villes qui accompagne les collectivit\u00e9s, l\u00c9tat et lensemble des acteurs publics et priv\u00e9s qui interviennent dans le champ de la politique de la ville en Bretagne et Pays de la Loire. Co-construction des indicateurs des politiques publiques: les acteurs publics co-construisent avec les acteurs concern\u00e9s des indicateurs de suivi des principales publiques. NB: cette proposition na pas fait lobjet de consensus au sein du groupe, certains soulignant que tout ne peut pas se mesurer via des donn\u00e9es, que les indicateurs qualitatifs sont trop souvent absents. De mani\u00e8re plus g\u00e9n\u00e9rale, certains participants redoutent que cette action ne vienne donner un nouvel \u00e9lan aux d\u00e9marches de New Public Management, par ailleurs objet de critiques r\u00e9currentes. Le pr\u00e9fet rencontre les acteurs de la fili\u00e8re photonique \u00e0 Lannion <img decoding=\"async\" src=\"http:\/\/www.patrice-besse.com\/uploads\/bien\/2512\/diaporama\/b08a3f5769516a54a00576ec15cecbe0.jpg\" alt=\"rencontre acteurs publics\" align=\"left\"> <img decoding=\"async\" src=\"http:\/\/www.acteurspublics.com\/img\/uploaded\/club\/2015-09-55f004a4ba321.jpg\" alt=\"rencontre acteurs publics\" align=\"center\"> Non seulement, les retomb\u00e9es de ces assises nationales irrigueront le bassin Auxerrois dans son int\u00e9gralit\u00e9. Mais, cest aussi lensemble du d\u00e9partement qui b\u00e9n\u00e9ficiera de cette manne importante. Figure 1. La fili\u00e8re for\u00eat-bois comme outil de d\u00e9veloppement territorial sur le PETR Pays d\u00c9pinal Chacune de ces rencontres a \u00e9t\u00e9 accueillie et port\u00e9e par une association membre de la Coordinaction Nationale, avec lappui de lensemble des autres structures du mouvement citoyen. Le succ\u00e8s de chacune de ces \u00e9ditions repose \u00e9galement sur le soutien logistique, financier et humain mobilis\u00e9s par nos diff\u00e9rents partenaires locaux et nationaux. En particulier, la fid\u00e9lit\u00e9 renouvel\u00e9e du R\u00e9seau national des collectivit\u00e9s en faveur de lhabitat participatif, du R\u00e9seau des organismes HLM pour lhabitat participatif et des acteurs publics locaux permet de faire de ces rencontres des moments clefs dans la structuration locale et nationale de lhabitat participatif. Modernisation et datafication des syst\u00e8mes dinformation: le sc\u00e9nario pr\u00e9sent\u00e9 implique que lensemble des acteurs publics disposent de syst\u00e8mes dinfo performants et con\u00e7us pour la meilleure exploitation possible des donn\u00e9es, CGI partenaire dActeurs Publics juin 2018 Ev\u00e9nement CGI La Team Maritime des parlementaires repr\u00e9sentant lensemble des littoraux de lhexagone et des Outre-mer et issus des diff\u00e9rents commissions de lAssembl\u00e9e nationale veut acc\u00e9l\u00e9rer la maritimisation de la France. La Team Maritime navigue aux c\u00f4t\u00e9s des acteurs de la communaut\u00e9 maritime Beno\u00eet Vallauri, responsable du Ti Lab, laboratoire r\u00e9gional dinnovation publique r\u00e9gion Bretagne, Sgar Bretagne et services d\u00e9concentr\u00e9s de l\u00c9tat initiative du laboratoire des usages Marsouin et de la d\u00e9legation aux usages  Rencontres entre les acheteurs publics et les entrepreneurs sociaux Derni\u00e8res actualit\u00e9s, \u00e9v\u00e9nements \u00e0 venir, social wall.. Retrouvez ici toute lactualit\u00e9 du Cerema. La saison est lanc\u00e9e. Le chou-fleur de Saint-Omer va-t-il profiter des ventes apport\u00e9es par le confinement? -Une pr\u00e9sentation \u00e0 la Cotita 27 mars 2018 sur louverture de donn\u00e9es pour les territoires, le Cerema et le Crige PACA ont montr\u00e9 linteraction existant entre ladministration des donn\u00e9es par le Crige PACA \u00e0 la production dun service utilisateur telquUrbansimul. Thomas Cottinet, codirigeant du Libert\u00e9 Living Lab et chef du service strat\u00e9gie de modernisation et danimation du r\u00e9seau international, direction g\u00e9n\u00e9rale du Tr\u00e9sor  Confronting inequalities in economic life, education, and other.. <img decoding=\"async\" src=\"http:\/\/www.parvis.net\/media\/tarbes\/144425-jacques-arnould.jpg\" alt=\"rencontre acteurs publics\" align=\"center\">.<\/p>\n","protected":false},"excerpt":{"rendered":"<p>rencontre acteurs publics<\/p>\n","protected":false},"author":1,"featured_media":0,"comment_status":"closed","ping_status":"closed","sticky":false,"template":"","format":"standard","meta":{"neve_meta_sidebar":"","neve_meta_container":"","neve_meta_enable_content_width":"","neve_meta_content_width":0,"neve_meta_title_alignment":"","neve_meta_author_avatar":"","neve_post_elements_order":"","neve_meta_disable_header":"","neve_meta_disable_footer":"","neve_meta_disable_title":""},"categories":[1],"tags":[],"_links":{"self":[{"href":"http:\/\/lars-decker.de\/blogs\/wp-json\/wp\/v2\/posts\/2736"}],"collection":[{"href":"http:\/\/lars-decker.de\/blogs\/wp-json\/wp\/v2\/posts"}],"about":[{"href":"http:\/\/lars-decker.de\/blogs\/wp-json\/wp\/v2\/types\/post"}],"author":[{"embeddable":true,"href":"http:\/\/lars-decker.de\/blogs\/wp-json\/wp\/v2\/users\/1"}],"replies":[{"embeddable":true,"href":"http:\/\/lars-decker.de\/blogs\/wp-json\/wp\/v2\/comments?post=2736"}],"version-history":[{"count":1,"href":"http:\/\/lars-decker.de\/blogs\/wp-json\/wp\/v2\/posts\/2736\/revisions"}],"predecessor-version":[{"id":2737,"href":"http:\/\/lars-decker.de\/blogs\/wp-json\/wp\/v2\/posts\/2736\/revisions\/2737"}],"wp:attachment":[{"href":"http:\/\/lars-decker.de\/blogs\/wp-json\/wp\/v2\/media?parent=2736"}],"wp:term":[{"taxonomy":"category","embeddable":true,"href":"http:\/\/lars-decker.de\/blogs\/wp-json\/wp\/v2\/categories?post=2736"},{"taxonomy":"post_tag","embeddable":true,"href":"http:\/\/lars-decker.de\/blogs\/wp-json\/wp\/v2\/tags?post=2736"}],"curies":[{"name":"wp","href":"https:\/\/api.w.org\/{rel}","templated":true}]}}