{"id":2724,"date":"2020-06-24T07:26:18","date_gmt":"2020-06-24T07:26:18","guid":{"rendered":"http:\/\/lars-decker.de\/blogs\/?p=2724"},"modified":"2020-06-22T04:49:18","modified_gmt":"2020-06-22T04:49:18","slug":"rencontre-kamerhe-et-tshisekedi","status":"publish","type":"post","link":"http:\/\/lars-decker.de\/blogs\/2020\/06\/24\/rencontre-kamerhe-et-tshisekedi\/","title":{"rendered":"Rencontre Kamerhe Et Tshisekedi"},"content":{"rendered":"<p>Le peuple congolais se souviendra toujours de son noble combat au sein de lUDPS pour la justice et la d\u00e9mocratie dans notre pays. Je pr\u00e9sente mes condol\u00e9ances les plus attrist\u00e9es \u00e0 la famille \u00e9plor\u00e9e de lillustre disparu et au camarade Pr\u00e9sident a.i du parti fr\u00e8re UDPS. Le chef de lEtat F\u00e9lix-Antoine Tshisekedi Tshilombo a re\u00e7u ce jeudi 12 mars 2020 son pr\u00e9d\u00e9cesseur, Joseph Kabila \u00e0 la cit\u00e9 de la Nsele \u00e0 Kinshasa. Lalli\u00e9 et ancien chef de cabinet du pr\u00e9sident congolais Felix Tshisekedi a d\u00e9nonc\u00e9 un proc\u00e8s plut\u00f4t politique. Par Jean-Pierre Mbelu Des compatriotes ne cessent de me demander ce que je pense de derni\u00e8res nominations dans les entreprises dites.. <img decoding=\"async\" src=\"http:\/\/www.lepotentiel.cd\/wp-content\/uploads\/2011\/08\/Tshisekedi-%C3%A0-Lubumbashi.jpg\" alt=\"rencontre kamerhe et tshisekedi\" align=\"right\"> Cest sur ces bases de tensions et de d\u00e9sordre ethnique il y a eu mort dhommes que Tshisekedi sest retrouv\u00e9 sur le terrain du pouvoir sans pouvoir. Mais ce qui \u00e9tait le plus \u00e0 scruter par les observateurs \u00e9tait plut\u00f4t sa capacit\u00e9 \u00e0 diriger un Etat aussi vaste quest la RD Congo. Un pays \u00e9conomiquement par terre, qui plus est, en proie \u00e0 lins\u00e9curit\u00e9 r\u00e9currente dans sa partie est. Les miliciens CODECO ont fait une incursion dans la nuit du mardi 09 \u00e0 ce mercredi 10 juin 2020, au village Lenga dans la chefferie Ce site utilise des cookies pour am\u00e9liorer votre exp\u00e9rience de navigation sur le site. Hors de ces cookies, les cookies class\u00e9s comme n\u00e9cessaires sont stock\u00e9s dans votre navigateur car ils sont essentiels au fonctionnement des fonctionnalit\u00e9s de base du site. Nous utilisons \u00e9galement des cookies tiers qui nous aident \u00e0 analyser et \u00e0 comprendre comment vous utilisez ce site. Ces cookies ne seront stock\u00e9s dans votre navigateur quavec votre consentement. Vous avez \u00e9galement la possibilit\u00e9 de d\u00e9sactiver ces cookies. Toutefois, la d\u00e9sactivation de certains de ces cookies peut avoir une incidence sur votre exp\u00e9rience de navigation. Le FMI a approuv\u00e9 un nouveau d\u00e9caissement de 111,06 millions pour aider le Rwanda \u00e0 faire face au coronavirus. Il sagit du deuxi\u00e8me d\u00e9caissement..  Emportez lactualit\u00e9 internationale partout avec vous! T\u00e9l\u00e9chargez lapplication France 24 Offre 100 num\u00e9rique: 1 le 1er mois sans engagement Dans nos Rues, il ya des faits \u00e0 rapporter, des histoires \u00e0 raconter, des messages \u00e0 relayer, des commentaires. En Guin\u00e9e, la Rue a une signification. Les manifestations de rue, les ordures, lins\u00e9curit\u00e9, la violence physique et verbale, les \u00e9talagistes, les enfants de la rue.. Et les sourires des personnes sont des faits, des images, des messages \u00e0 rapporter. Avec impartialit\u00e9 et rigueur, Rue-Infos-Guin\u00e9e est \u00e0 votre service. Cest dans ce cadre que le Chef de l\u00c9tat a entrepris le dialogue avec diff\u00e9rentes forces politiques et sociales du pays Cas-info.ca : \u00c9tat durgence, la Pr\u00e9sidence r\u00e9clame \u00e0 Thambwe Mwamba des excuses pour avoir outrag\u00e9 le Chef de l \u00c9tat This feature is not available right now. Please try again later. La justice congolaise requiert 20 ans de prison contre Vital Kamerhe <img decoding=\"async\" src=\"http:\/\/voiceofcongo.net\/wp-content\/uploads\/2016\/08\/actu-expliquee-rencontre-kabila.jpg\" alt=\"rencontre kamerhe et tshisekedi\" align=\"left\"> A lissue de la rencontre qui marquait sa toute premi\u00e8re En d\u00e9but de semaine, plusieurs cadres du parti de Vital Kamerhe ont pourtant qualifi\u00e9 la proc\u00e9dure judiciaire en cours d acharnement contre leur pr\u00e9sident. Directeur de cabinet de lactuel chef de l\u00e9tat. Cet alli\u00e9 incontournable de Des soutiens de F\u00e9lix Tshisekedi, le 19 janvier 2019 \u00e0 Kisnhasa AFP Le procureur a requis 20 ans de prison contre Vital Kamerhe, qui clame toujours son innocence. Sil est jug\u00e9 coupable, il pourra faire appel.  <img decoding=\"async\" src=\"http:\/\/lubumbashiinfos.mondoblog.org\/files\/2014\/10\/F%C3%A9lix-Thisekedi.jpg\" alt=\"rencontre kamerhe et tshisekedi\" align=\"left\"> Face \u00e0 Kabila, il courbe l\u00e9chine. Cest le ma\u00eetre des horloges, qui le tient en laisse. A cause de lAccord dont le myst\u00e8re restera difficile \u00e0 percer. A linstar de celui que Laurent D\u00e9sir\u00e9 Kabila, son p\u00e8re, avait pass\u00e9 \u00e0 Lemera RD Congo, avec les gouvernements rwandais et ougandais. Pour en savoir davantage, y compris comment contr\u00f4ler les cookies, voir : Cependant, la coalition FCC-CACH, a \u00e9galement d\u00e9cid\u00e9 \u00e0 lissue de cette r\u00e9union, de mettre en place un cadre de concertation pour garantir l\u00e9quilibre au sujet dudit mariage.  M\u00eame si daucuns estiment que F\u00e9lix Tshisekedi et Joseph Kabila ont dissip\u00e9 le malentendu entre le FCC et le CACH, le communiqu\u00e9 final lu par le directeur de cabinet du chef de l\u00c9tat, Vital Kamerhe, \u00e0 lissue dune rencontre priv\u00e9e, a laiss\u00e9 un go\u00fbt amer dans lopinion.<\/p>\n","protected":false},"excerpt":{"rendered":"<p>rencontre kamerhe et tshisekedi<\/p>\n","protected":false},"author":1,"featured_media":0,"comment_status":"closed","ping_status":"closed","sticky":false,"template":"","format":"standard","meta":{"neve_meta_sidebar":"","neve_meta_container":"","neve_meta_enable_content_width":"","neve_meta_content_width":0,"neve_meta_title_alignment":"","neve_meta_author_avatar":"","neve_post_elements_order":"","neve_meta_disable_header":"","neve_meta_disable_footer":"","neve_meta_disable_title":""},"categories":[1],"tags":[],"_links":{"self":[{"href":"http:\/\/lars-decker.de\/blogs\/wp-json\/wp\/v2\/posts\/2724"}],"collection":[{"href":"http:\/\/lars-decker.de\/blogs\/wp-json\/wp\/v2\/posts"}],"about":[{"href":"http:\/\/lars-decker.de\/blogs\/wp-json\/wp\/v2\/types\/post"}],"author":[{"embeddable":true,"href":"http:\/\/lars-decker.de\/blogs\/wp-json\/wp\/v2\/users\/1"}],"replies":[{"embeddable":true,"href":"http:\/\/lars-decker.de\/blogs\/wp-json\/wp\/v2\/comments?post=2724"}],"version-history":[{"count":1,"href":"http:\/\/lars-decker.de\/blogs\/wp-json\/wp\/v2\/posts\/2724\/revisions"}],"predecessor-version":[{"id":2725,"href":"http:\/\/lars-decker.de\/blogs\/wp-json\/wp\/v2\/posts\/2724\/revisions\/2725"}],"wp:attachment":[{"href":"http:\/\/lars-decker.de\/blogs\/wp-json\/wp\/v2\/media?parent=2724"}],"wp:term":[{"taxonomy":"category","embeddable":true,"href":"http:\/\/lars-decker.de\/blogs\/wp-json\/wp\/v2\/categories?post=2724"},{"taxonomy":"post_tag","embeddable":true,"href":"http:\/\/lars-decker.de\/blogs\/wp-json\/wp\/v2\/tags?post=2724"}],"curies":[{"name":"wp","href":"https:\/\/api.w.org\/{rel}","templated":true}]}}