{"id":2720,"date":"2020-06-24T12:27:36","date_gmt":"2020-06-24T12:27:36","guid":{"rendered":"http:\/\/lars-decker.de\/blogs\/?p=2720"},"modified":"2020-06-22T04:44:54","modified_gmt":"2020-06-22T04:44:54","slug":"rencontre-agriculteur-rencontres-agricoles","status":"publish","type":"post","link":"http:\/\/lars-decker.de\/blogs\/2020\/06\/24\/rencontre-agriculteur-rencontres-agricoles\/","title":{"rendered":"Rencontre Agriculteur Rencontres Agricoles"},"content":{"rendered":"<p>La newsletter quotidienne de Romuald Cardon, agent de vignerons. <img decoding=\"async\" src=\"http:\/\/www.lecharlevoisien.com\/wp-content\/uploads\/2017\/03\/Lysianne-1-725x1024.jpg\" alt=\"rencontre agriculteur rencontres agricoles\" align=\"left\"> Nous utilisons des cookies pour vous garantir la meilleure exp\u00e9rience sur notre site. Conform\u00e9ment \u00e0 la loi Informatique et libert\u00e9s du 6 janvier 1978 modifi\u00e9e, vous disposez dun droit dacc\u00e8s, de modification et de suppression des donn\u00e9es vous concernant. Tous droits de reproduction et de repr\u00e9sentation r\u00e9serv\u00e9s. 2020 Agence France-Presse. Toutes les informations texte, photo, vid\u00e9o, infographie fixe ou anim\u00e9e, contenu sonore ou multim\u00e9dia reproduites dans cette rubrique ou sur cette page selon le cas sont prot\u00e9g\u00e9es par la l\u00e9gislation en vigueur sur les droits de propri\u00e9t\u00e9 intellectuelle. Par cons\u00e9quent, toute reproduction, repr\u00e9sentation, modification, traduction, exploitation commerciale ou r\u00e9utilisation de quelque mani\u00e8re que ce soit est interdite sans laccord pr\u00e9alable \u00e9crit de lAFP, \u00e0 lexception de lusage non commercial personnel. LAFP ne pourra \u00eatre tenue pour responsable des retards, erreurs, omissions qui ne peuvent \u00eatre exclus dans le domaine des informations de presse, ni des cons\u00e9quences des actions ou transactions effectu\u00e9es sur la base de ces informations. AFP et son logo sont des marques d\u00e9pos\u00e9es  Le maire de Gajac, en Gironde, lance un cocorico dalerte: d\u00e9pit\u00e9 de voir des ruraux tra\u00een\u00e9s en justice pour le braiment des \u00e2nes, le meuglement des vaches ou le chant du coq, il veut faire.. \u00c0 la fin des ann\u00e9es 1950, il fait am\u00e9nager sur un terrain lui appartenant, non loin de l\u00e0, \u00e0, un, qui est nomm\u00e9 apr\u00e8s sa mort :. <img decoding=\"async\" src=\"http:\/\/rencontreenligne.webcam\/wp-content\/uploads\/2017\/11\/rencontre_agriculteurs_celibataires_00.jpg\" alt=\"rencontre agriculteur rencontres agricoles\" align=\"right\"> Les d\u00e9g\u00e2ts occasionn\u00e9s par les choucas des tours explosent sur cultures de ma\u00efs, certains producteurs sont contraints de ressemer leurs <img decoding=\"async\" src=\"http:\/\/www.parchemins.bzh\/wp-content\/uploads\/2018\/03\/Affiche-Kervic-web.jpg\" alt=\"rencontre agriculteur rencontres agricoles\" align=\"left\"> Rencontre agriculteur est un site pour tous les amoureux de la nature, de la campagne et des animaux.. 14h00-14h15 : Introduction par les co-pr\u00e9sidentes de BRUDED-Echanges techniques : programme phyto, bilan de lann\u00e9e  Le premier site de rencontre \u00e0 la campagne depuis 2007, site pour rencontre agriculteur ou passionn\u00e9s de vie au grand air, au coeur de la nature pour les amoureux c\u00e9libataires, des rencontres en milieu rural pour homme et femme agricultrice c\u00e9libataire gay qui se retrouvent dans lamour est dans le pr\u00e9 2019 Nombreuses sont les difficult\u00e9s rencontr\u00e9es par les agriculteurs Martiniquais Pour que vos rencontres aboutissent ENFIN \u00e0 une vraie relation DURABLE et.. POSITIVE 13h45 Intervention et discussion sur lhivernage louverture des ruches au printemps. Pr\u00eat garanti par l\u00c9tat souscrit aupr\u00e8s dune plateforme de crowdfundingfinancement participatif  Le Pr\u00e9sident a annonc\u00e9 le 16 mars que pour les plus petites entreprises, les factures de gaz, d\u00e9lectricit\u00e9 et de loyers devront \u00eatre suspendus.<\/p>\n","protected":false},"excerpt":{"rendered":"<p>rencontre agriculteur rencontres agricoles<\/p>\n","protected":false},"author":1,"featured_media":0,"comment_status":"closed","ping_status":"closed","sticky":false,"template":"","format":"standard","meta":{"neve_meta_sidebar":"","neve_meta_container":"","neve_meta_enable_content_width":"","neve_meta_content_width":0,"neve_meta_title_alignment":"","neve_meta_author_avatar":"","neve_post_elements_order":"","neve_meta_disable_header":"","neve_meta_disable_footer":"","neve_meta_disable_title":""},"categories":[1],"tags":[],"_links":{"self":[{"href":"http:\/\/lars-decker.de\/blogs\/wp-json\/wp\/v2\/posts\/2720"}],"collection":[{"href":"http:\/\/lars-decker.de\/blogs\/wp-json\/wp\/v2\/posts"}],"about":[{"href":"http:\/\/lars-decker.de\/blogs\/wp-json\/wp\/v2\/types\/post"}],"author":[{"embeddable":true,"href":"http:\/\/lars-decker.de\/blogs\/wp-json\/wp\/v2\/users\/1"}],"replies":[{"embeddable":true,"href":"http:\/\/lars-decker.de\/blogs\/wp-json\/wp\/v2\/comments?post=2720"}],"version-history":[{"count":1,"href":"http:\/\/lars-decker.de\/blogs\/wp-json\/wp\/v2\/posts\/2720\/revisions"}],"predecessor-version":[{"id":2721,"href":"http:\/\/lars-decker.de\/blogs\/wp-json\/wp\/v2\/posts\/2720\/revisions\/2721"}],"wp:attachment":[{"href":"http:\/\/lars-decker.de\/blogs\/wp-json\/wp\/v2\/media?parent=2720"}],"wp:term":[{"taxonomy":"category","embeddable":true,"href":"http:\/\/lars-decker.de\/blogs\/wp-json\/wp\/v2\/categories?post=2720"},{"taxonomy":"post_tag","embeddable":true,"href":"http:\/\/lars-decker.de\/blogs\/wp-json\/wp\/v2\/tags?post=2720"}],"curies":[{"name":"wp","href":"https:\/\/api.w.org\/{rel}","templated":true}]}}