{"id":2710,"date":"2020-06-24T14:47:45","date_gmt":"2020-06-24T14:47:45","guid":{"rendered":"http:\/\/lars-decker.de\/blogs\/?p=2710"},"modified":"2020-06-22T04:43:14","modified_gmt":"2020-06-22T04:43:14","slug":"alexandra-cyril-site-de-rencontre","status":"publish","type":"post","link":"http:\/\/lars-decker.de\/blogs\/2020\/06\/24\/alexandra-cyril-site-de-rencontre\/","title":{"rendered":"Alexandra Cyril Site De Rencontre"},"content":{"rendered":"<p>Enceinte dun petit gar\u00e7on, Rachel Legrain-Trapani vient de d\u00e9voiler les deux pr\u00e9noms entre lesquels son c\u0153ur et celui de son compagnon balancent. Vers lequel vont-ils finalement se tourner? L\u00e9mission quotidienne r\u00e9alise sa meilleure audience le lundi 25 ao\u00fbt 2008 avec 3 268 000 t\u00e9l\u00e9spectateurs et 28,9 de parts de march\u00e9 sur les quatre ans et plus. Liam Payne a toujours peur de dire nimporte quoi en interview Avec un abonnement au magazine T\u00e9l\u00e9 Z vous avez la garantie davoir un programme complet tout le long de votre semaine pour un prix mini! <img decoding=\"async\" src=\"http:\/\/mind.puremommas.com\/images\/circuits-pneumatiques-pieces-occasions-poids-lourds.png\" alt=\"alexandra cyril site de rencontre\" align=\"left\"> Je me souviens du jour ou Maryline dans Secret Story avait dit que leur couple ne durerai pas. Tr\u00e8s juste. Je lai tellement entendue celle-l\u00e0 Les \u00e9diteurs sont daccord dadmettre un 45, jamais moins Johan, vous avez raison!  <img decoding=\"async\" src=\"http:\/\/love.mixed-race-children.com\/bibliotheque\/auteurs\/-1441.jpg\" alt=\"alexandra cyril site de rencontre\" align=\"left\">  \u03c0\u03b1\u03b3\u03c9\u03c4\u03bf \u03c3\u03bf\u03c1\u03bc\u03c0\u03b5 \u03bb\u03b5\u03bc\u03bf\u03bd\u03b9 \u03b8\u03b5\u03c1\u03bc\u03b9\u03b4\u03b5\u03c2 \u0395\u03c1\u03b3\u03b1\u03bb\u03b5\u03af\u03b1 \u03c6\u03b1\u03bd\u03bf\u03c0\u03bf\u03b9\u03af\u03b1\u03c2 \u03ba\u03b1\u03b8\u03c1\u03b5\u03c0\u03c4\u03b5\u03c2 \u03c3\u03b1\u03bb\u03bf\u03bd\u03b9\u03bf\u03c5 \u03c4\u03b9\u03bc\u03b5\u03c2 La r\u00e9ponse dAlexandra Raillan : On prend la plus belle, la plus moche, et on se dit que la v\u00e9rit\u00e9 est entre les deux. On nid\u00e9alise pas, on ne fuit pas, on ne reste bloqu\u00e9e sur aucune des deux. La r\u00e9alit\u00e9 nous le dira. Il dit quil est nouveau sur lappli, \u00e7a pue ou pas?  Directeur des technologies et syst\u00e8mes dinformation-Responsable du projet Eug\u00e9nie Site De Rencontre Cyril Et Alexandra www.plumeseconomiques.com Avez-vous une astuce pour vous adapter aux conditions plus ou moins p\u00e9nibles? Ashley Graham a accouch\u00e9 de son premier enfant! Le mannequin a annonc\u00e9 la naissance de son fils sur les r\u00e9seaux sociaux. Sur les applis de rencontres, comment savoir si cest un toquard ou pas? Aujourdhui jai la vie professionnelle que jaime, confiait Cyril \u00e0 T\u00e9l\u00e9 7 Jours en ao\u00fbt 2016. Apr\u00e8s Wizee agence qui mettait en relation les c\u00e9l\u00e9brit\u00e9s et les marques NDLR jai d\u00e9cid\u00e9 de cr\u00e9er dautres entreprises en lien avec le web. Actuellement jai d\u00e9m\u00e9nag\u00e9 sur les hauteurs de San Francisco o\u00f9 je d\u00e9veloppe Tribe, une application de messagerie vid\u00e9o instantan\u00e9e. Avec mon \u00e9quipe de d\u00e9veloppeurs nous am\u00e9liorons le concept afin de lever des fonds aupr\u00e8s de plusieurs investisseurs notamment ceux de Snapchat. Cyril Paglino, de champion de breakdance \u00e0 entrepreneur dans la Silicon Valley, LCI, 19 mars 2018 Nathalie Andreani Nouvelle photo incroyable ou elle en d\u00e9voile trop sur Instagram! Emma Watson a pris la parole afin de partager son opinion concernant les r\u00e9cents propos de JK Rowling sur la communaut\u00e9 transgenre&#8212;&#8212;&#8212;&#8212;&#8212;&#8212;&#8212;&#8212;&#8212;&#8212;&#8212;&#8212;Directrice g\u00e9n\u00e9rale d\u00e9l\u00e9gu\u00e9e Nexity-Pr\u00e9sidente directrice g\u00e9n\u00e9rale de Nexity Immobilier dentreprise Die Domain wurde geparkt The domain has been parked Pour la rentr\u00e9e de Septembre 2020, nos cours se d\u00e9rouleront principalement sur le site de l\u00e9cole au 70 Rue Marius Aufan 92300 Levallois, dans un immeuble totalement \u00e9quip\u00e9 et enti\u00e8rement d\u00e9di\u00e9 \u00e0 la formation. Certains cours sont \u00e9galement assur\u00e9s chez nos entreprises partenaires : la SACEM, SONY MUSIC, DEEZER, BELIEVE DIGITAL etc. Pour tout renseignement, vous pouvez nous contacter par mail : ou par t\u00e9l\u00e9phone : <img decoding=\"async\" src=\"http:\/\/www.people-looks.com\/sujets\/2013\/201312\/006637\/A\/Charlene-de-Monaco-Rencontre-avec-la-Sud-Africaine.jpg\" alt=\"alexandra cyril site de rencontre\" align=\"left\">.<\/p>\n","protected":false},"excerpt":{"rendered":"<p>alexandra cyril site de rencontre<\/p>\n","protected":false},"author":1,"featured_media":0,"comment_status":"closed","ping_status":"closed","sticky":false,"template":"","format":"standard","meta":{"neve_meta_sidebar":"","neve_meta_container":"","neve_meta_enable_content_width":"","neve_meta_content_width":0,"neve_meta_title_alignment":"","neve_meta_author_avatar":"","neve_post_elements_order":"","neve_meta_disable_header":"","neve_meta_disable_footer":"","neve_meta_disable_title":""},"categories":[1],"tags":[],"_links":{"self":[{"href":"http:\/\/lars-decker.de\/blogs\/wp-json\/wp\/v2\/posts\/2710"}],"collection":[{"href":"http:\/\/lars-decker.de\/blogs\/wp-json\/wp\/v2\/posts"}],"about":[{"href":"http:\/\/lars-decker.de\/blogs\/wp-json\/wp\/v2\/types\/post"}],"author":[{"embeddable":true,"href":"http:\/\/lars-decker.de\/blogs\/wp-json\/wp\/v2\/users\/1"}],"replies":[{"embeddable":true,"href":"http:\/\/lars-decker.de\/blogs\/wp-json\/wp\/v2\/comments?post=2710"}],"version-history":[{"count":1,"href":"http:\/\/lars-decker.de\/blogs\/wp-json\/wp\/v2\/posts\/2710\/revisions"}],"predecessor-version":[{"id":2711,"href":"http:\/\/lars-decker.de\/blogs\/wp-json\/wp\/v2\/posts\/2710\/revisions\/2711"}],"wp:attachment":[{"href":"http:\/\/lars-decker.de\/blogs\/wp-json\/wp\/v2\/media?parent=2710"}],"wp:term":[{"taxonomy":"category","embeddable":true,"href":"http:\/\/lars-decker.de\/blogs\/wp-json\/wp\/v2\/categories?post=2710"},{"taxonomy":"post_tag","embeddable":true,"href":"http:\/\/lars-decker.de\/blogs\/wp-json\/wp\/v2\/tags?post=2710"}],"curies":[{"name":"wp","href":"https:\/\/api.w.org\/{rel}","templated":true}]}}