{"id":2686,"date":"2020-06-24T06:59:30","date_gmt":"2020-06-24T06:59:30","guid":{"rendered":"http:\/\/lars-decker.de\/blogs\/?p=2686"},"modified":"2020-06-22T04:16:32","modified_gmt":"2020-06-22T04:16:32","slug":"site-de-rencontre-auray","status":"publish","type":"post","link":"http:\/\/lars-decker.de\/blogs\/2020\/06\/24\/site-de-rencontre-auray\/","title":{"rendered":"Site De Rencontre Auray"},"content":{"rendered":"<p> Animaux Soir\u00e9es priv\u00e9es Ballades en for\u00eat Soir\u00e9e en amoureux <img decoding=\"async\" src=\"http:\/\/www.galerie-jjrio.com\/userfiles\/image\/herve-quere-sculpteur-et-titulaire-dun-dea-de-genetique-evolutive-galerie-jeanjacquesrio-auray.jpg\" alt=\"site de rencontre auray\" align=\"right\"> Rencontre femme japonaise homme japonais Rencontres avec des seniors  Homme g\u00e9n\u00e9reux, tol\u00e9rant, sinc\u00e8re et.. Recherche: Je recherche une personne qui saura me combler le c\u0153ur, qui nourrira mon \u00e2me et saura accepter mes failles, blessures, cicatrices et d\u00e9fauts! Etant mari\u00e9, soyons clairs, je cherche une relation discr\u00e8te.. Salut \u00e0 tous et \u00e0 toutes, de retour sur Vannes depuis peu, je cherche \u00e0 faire de nouvelles rencontres amicales pour sortir, mamuser et profiter de la vie ; nh\u00e9sitez pas \u00e0 menvoyer un message si vous \u00eates int\u00e9ress\u00e9 Nous utilisons des cookies afin de personnaliser le contenu et les fonctionnalit\u00e9s de notre site. En continuant \u00e0 naviguer, vous acceptez leur utilisation. Plus de d\u00e9tails sur notre politique dutilisation des cookies. Je souhaiterais rencontrer de nouvelle personnes femme pour se promener,discuter ect. Pour toute information Cette adresse e-mail est prot\u00e9g\u00e9e contre les robots spammeurs. Vous devez activer le JavaScript pour la visualiser. <img decoding=\"async\" src=\"http:\/\/www.gameblog.fr\/images\/blogs\/21762\/119489.jpg\" alt=\"site de rencontre auray\" align=\"right\"> Si vous \u00eates dans la m\u00eame situation, si vous aimez bouger, rando,footing, balades,jardinage, bricolage, cin\u00e9, resto, et gastronomie, homme ou femme, m\u00eame tranche d\u00e2ge. Faire de belles rencontres, partager des soir\u00e9es entre amis, des moments de d\u00e9tente..marcher, bouger, voyager et causer  Je recherche une rencontre s\u00e9rieuse, j\u00e9l\u00e8ve mes enfants, je veux \u00eatre bien dans ma vie, je prends le temps de profiter de la vie. \u00c9quipe de Jama\u00efque: Justement pour votre voyage, on vous a mis une valise par au plaisir de vous rencontrer si vous le souhaitez du secteur de muzillac,en couple avec 2 enfants de 11 ans et 4ans, je recherche une ou plusieurs amiti\u00e9s sinc\u00e8res pour faire des choses entre filles:papoter, faire un peu de shopping,des balades en bord de mer. Je travaille le week end mais dans la semaine jai du temps. <img decoding=\"async\" src=\"http:\/\/webmorbihanmagazine.com\/wp-content\/uploads\/2017\/05\/MICRO-GOLFE-4-AURAY-LALGUE-FAIT-LA-FETE3Franck-Chick.jpg\" alt=\"site de rencontre auray\" align=\"center\"> mercredi 15 avril 2020a la recherche de nouveaux contacts Bonjour je suis un mec simple et droit.j aime la fid\u00e9lit\u00e9 la sinc\u00e9rit\u00e9 l amour le vrai.je suis c\u00e9libataire depuis peu cause d\u00e9c\u00e8s donc.besoin aujourdhui de le reconstruite et de retrouver la personne qui saura me faire vibrer et croire encore une fois \u00e0 l amour.Et oui j ai..<\/p>\n","protected":false},"excerpt":{"rendered":"<p>site de rencontre auray<\/p>\n","protected":false},"author":1,"featured_media":0,"comment_status":"closed","ping_status":"closed","sticky":false,"template":"","format":"standard","meta":{"neve_meta_sidebar":"","neve_meta_container":"","neve_meta_enable_content_width":"","neve_meta_content_width":0,"neve_meta_title_alignment":"","neve_meta_author_avatar":"","neve_post_elements_order":"","neve_meta_disable_header":"","neve_meta_disable_footer":"","neve_meta_disable_title":""},"categories":[1],"tags":[],"_links":{"self":[{"href":"http:\/\/lars-decker.de\/blogs\/wp-json\/wp\/v2\/posts\/2686"}],"collection":[{"href":"http:\/\/lars-decker.de\/blogs\/wp-json\/wp\/v2\/posts"}],"about":[{"href":"http:\/\/lars-decker.de\/blogs\/wp-json\/wp\/v2\/types\/post"}],"author":[{"embeddable":true,"href":"http:\/\/lars-decker.de\/blogs\/wp-json\/wp\/v2\/users\/1"}],"replies":[{"embeddable":true,"href":"http:\/\/lars-decker.de\/blogs\/wp-json\/wp\/v2\/comments?post=2686"}],"version-history":[{"count":1,"href":"http:\/\/lars-decker.de\/blogs\/wp-json\/wp\/v2\/posts\/2686\/revisions"}],"predecessor-version":[{"id":2687,"href":"http:\/\/lars-decker.de\/blogs\/wp-json\/wp\/v2\/posts\/2686\/revisions\/2687"}],"wp:attachment":[{"href":"http:\/\/lars-decker.de\/blogs\/wp-json\/wp\/v2\/media?parent=2686"}],"wp:term":[{"taxonomy":"category","embeddable":true,"href":"http:\/\/lars-decker.de\/blogs\/wp-json\/wp\/v2\/categories?post=2686"},{"taxonomy":"post_tag","embeddable":true,"href":"http:\/\/lars-decker.de\/blogs\/wp-json\/wp\/v2\/tags?post=2686"}],"curies":[{"name":"wp","href":"https:\/\/api.w.org\/{rel}","templated":true}]}}