{"id":2682,"date":"2020-06-24T12:34:04","date_gmt":"2020-06-24T12:34:04","guid":{"rendered":"http:\/\/lars-decker.de\/blogs\/?p=2682"},"modified":"2020-06-22T04:15:14","modified_gmt":"2020-06-22T04:15:14","slug":"rencontre-pape-francois-et-benoit-16","status":"publish","type":"post","link":"http:\/\/lars-decker.de\/blogs\/2020\/06\/24\/rencontre-pape-francois-et-benoit-16\/","title":{"rendered":"Rencontre Pape Francois Et Benoit 16"},"content":{"rendered":"<p>Le, le pape \u00e9m\u00e9rite Beno\u00eet XVI, ayant accept\u00e9 linvitation du pape Fran\u00e7ois, est pr\u00e9sent lors de la messe de. Au d\u00e9but de la c\u00e9l\u00e9bration, lui et son successeur \u00e9changent une fraternelle accolade puis, sans \u00eatre plac\u00e9 aux c\u00f4t\u00e9s de ce dernier mais parmi les cardinaux, pour ne pas cr\u00e9er de confusion, le pape \u00e9m\u00e9rite conc\u00e9l\u00e8bre la messe. Cest alors la premi\u00e8re fois de l que deux souverains pontifes sont pr\u00e9sents lors dun tel \u00e9v\u00e8nement, surnomm\u00e9 ici le dimanche des quatre Papes,. Dans un bureau lambriss\u00e9 du Vatican, Beno\u00eet XVI regarde intens\u00e9ment le cardinal Jorge Mario Bergoglio. Entre deux silences, il lui confesse : Dieu corrige toujours un pape en en pr\u00e9sentant un autre au monde. Jaimerais voir ma correction. Cette sc\u00e8ne est extraite du film les Deux Papes, du br\u00e9silien Fernando Meirelles, diffus\u00e9 sur Netflix d\u00e8s le 20 d\u00e9cembre. On y d\u00e9couvre un pape inadapt\u00e9 au monde, Beno\u00eet XVI camp\u00e9 par linqui\u00e9tant Anthony Hopkins, tourment\u00e9 et emp\u00eatr\u00e9 dans la tradition, jouant m\u00e9lancoliquement un air de piano, face \u00e0 un cardinal bien dans sa peau, fan des Beatles et plus en phase avec son temps, le futur Fran\u00e7ois sous les traits du s\u00e9millant Jonathan Price. Le vendredi, la messe de 12h30 anim\u00e9e par des \u00e9quipes de professionnels est suivie dun d\u00e9jeuner : professionnels travaillant dans le quartier et habitants sy rencontrent. Merci aux \u00e9quipes  Radio Vatican,, sur news.va, 4 juillet 2015 consult\u00e9 le 5 juillet 2015 Une rencontre historique. Le nouveau pape Fran\u00e7ois samedi son pr\u00e9d\u00e9cesseur Beno\u00eft XVI en priv\u00e9 \u00e0 Castel Gandolfo, la r\u00e9sidence d\u00e9t\u00e9 des papes. LAntichrist ne sera pas appel\u00e9 ainsi ; sinon, il naurait pas dadeptes. Il ne va pas porter des collants rouges, ni vomir du soufre, ni porter un trident ni secouer une queue fl\u00e9ch\u00e9e comme M\u00e9phisto dans lop\u00e9ra de Faust, disait-il. Le p\u00e8re Etienne Guillet, cur\u00e9 \u00e0 Trappes78, r\u00e9pond \u00e0 vos questions pour ce Caf\u00e9duCur\u00e9 du mercredi 10 juin 2020 Participez.. Rencontre historique entre le pape Fran\u00e7ois et Beno\u00eet XVI  <img decoding=\"async\" src=\"http:\/\/www.fil-info-france.com\/francois_fillon_rencontre_pape_benoit_16_les_10_11_octobre_2009.JPG\" alt=\"rencontre pape francois et benoit 16\" align=\"left\"> Cet article vous a plu? est une association \u00e0 but non lucratif qui offre un service de r\u00e9information gratuit et. Merci de votre soutien!, LAllemagne paiera, \u00e9ditions Fayard, 2013, page 207. Le 11 f\u00e9vrier 2013, Beno\u00eet XVI a renonc\u00e9 \u00e0 \u00eatre pape. Document de la Congr\u00e9gation pour l\u00e9ducation catholique <img decoding=\"async\" src=\"http:\/\/www.riposte-catholique.fr\/medias\/2013\/07\/942343_10201400463434358_1048347515_n.jpg\" alt=\"rencontre pape francois et benoit 16\" align=\"center\"> Synth\u00e8se des conclusions de la visite apostolique en Irlande 20 mars Sa renonciation est conforme au r\u00e9gissant les activit\u00e9s du Saint-Si\u00e8ge : Sil arrive que le Pontife romain renonce \u00e0 sa charge, il est requis pour la validit\u00e9 que la renonciation soit faite librement et quelle soit d\u00fbment manifest\u00e9e, mais non pas quelle soit accept\u00e9e par qui que ce soit. Je pense quil sy \u00e9tait spirituellement pr\u00e9par\u00e9. Cest un r\u00e9formateur et un r\u00e9sistant. Il a une r\u00e9sistance physique et psychologique hors norme. Ce pape argentin ne se laisse pas impressionner et il est insubmersible. Parfois Bergoglio me fait penser \u00e0 Clemenceau : Politique int\u00e9rieure, je fais la guerre ; politique \u00e9trang\u00e8re, je fais la guerre. Je fais toujours la guerre. Certainement, Fran\u00e7ois est en guerre pour r\u00e9tablir lautorit\u00e9 morale de lEglise. <img decoding=\"async\" src=\"http:\/\/www.lavie.fr\/images\/2013\/07\/05\/42251_pape-francois-benoit-xvi-priere.jpg\" alt=\"rencontre pape francois et benoit 16\" align=\"right\"> Par 98,5 FM 12 avril 2019 10:19 Modifi\u00e9 le 12 avril 2019 12:12 Joseph Ratzinger na\u00eet le \u00e0 quatre heures et quart du matin, la veille de la f\u00eate de, au num\u00e9ro 11 de la Schulstra\u00dfe \u00e0 ou Marktl am Inn, village de, non loin de la fronti\u00e8re. Il est le troisi\u00e8me et dernier enfant de Joseph Ratzinger 1877-1959 et de Maria Peintner 1884-1963, apr\u00e8s Maria 1921-1991 et 1924. Il est \u00e9galement le petit-neveu de lhomme politique et pr\u00eatre catholique 1844-1899. Son, o\u00f9 il re\u00e7oit le nom de Joseph Aloisius, a lieu quelques heures apr\u00e8s sa naissance, \u00e0 huit heures du matin du : comme sa, Anna Ratzinger, na pas pu \u00eatre avertie assez vite, une religieuse nomm\u00e9e Adelma Rohrhirsch la remplace. La convention devait se tenir du 24 au 27 ao\u00fbt \u00e0 Charlotte, en Caroline du Nord. Le 19 octobre 2014, il est convi\u00e9 \u00e0 la c\u00e9r\u00e9monie de.  Le pape Fran\u00e7ois, pour sa part, s\u00e9duit rapidement les m\u00e9dias mais aussi les fid\u00e8les. Son discours, dun style vigoureux et direct reste dans la m\u00eame ligne que celui de ses pr\u00e9d\u00e9cesseurs. N\u00e9anmoins, le cardinal a dit quil pensait quune contribution du pape Beno\u00eet serait un cadeau pour toute l\u00c9glise et pourrait \u00eatre publi\u00e9e \u00e0 No\u00ebl ou au d\u00e9but de 2020. Delphine de Mallevo\u00fce,, sur lefigaro.fr, 11 mars 2013 Comment le pape pouvait-il ignorer le n\u00e9gationnisme de M gr Williamson? Si la lev\u00e9e de lexcommunication est une invitation \u00e0 la r\u00e9conciliation, comment se r\u00e9concilier avec celui qui sest exclu de la chr\u00e9tient\u00e9 par ses propos? Comment dialoguer avec cet autre qui voit dans la n\u00e9gation de la Shoah une opinion personnelle? Et que se passera-t-il si les quatre \u00e9v\u00eaques qui ne sont plus excommuni\u00e9s continuent de refuser Vatican II et Nostra \u00c6tate? Ces questions minqui\u00e8tent. Comme beaucoup de chr\u00e9tiens et de juifs, jattends des r\u00e9ponses claires. .<\/p>\n","protected":false},"excerpt":{"rendered":"<p>rencontre pape francois et benoit 16<\/p>\n","protected":false},"author":1,"featured_media":0,"comment_status":"closed","ping_status":"closed","sticky":false,"template":"","format":"standard","meta":{"neve_meta_sidebar":"","neve_meta_container":"","neve_meta_enable_content_width":"","neve_meta_content_width":0,"neve_meta_title_alignment":"","neve_meta_author_avatar":"","neve_post_elements_order":"","neve_meta_disable_header":"","neve_meta_disable_footer":"","neve_meta_disable_title":""},"categories":[1],"tags":[],"_links":{"self":[{"href":"http:\/\/lars-decker.de\/blogs\/wp-json\/wp\/v2\/posts\/2682"}],"collection":[{"href":"http:\/\/lars-decker.de\/blogs\/wp-json\/wp\/v2\/posts"}],"about":[{"href":"http:\/\/lars-decker.de\/blogs\/wp-json\/wp\/v2\/types\/post"}],"author":[{"embeddable":true,"href":"http:\/\/lars-decker.de\/blogs\/wp-json\/wp\/v2\/users\/1"}],"replies":[{"embeddable":true,"href":"http:\/\/lars-decker.de\/blogs\/wp-json\/wp\/v2\/comments?post=2682"}],"version-history":[{"count":1,"href":"http:\/\/lars-decker.de\/blogs\/wp-json\/wp\/v2\/posts\/2682\/revisions"}],"predecessor-version":[{"id":2683,"href":"http:\/\/lars-decker.de\/blogs\/wp-json\/wp\/v2\/posts\/2682\/revisions\/2683"}],"wp:attachment":[{"href":"http:\/\/lars-decker.de\/blogs\/wp-json\/wp\/v2\/media?parent=2682"}],"wp:term":[{"taxonomy":"category","embeddable":true,"href":"http:\/\/lars-decker.de\/blogs\/wp-json\/wp\/v2\/categories?post=2682"},{"taxonomy":"post_tag","embeddable":true,"href":"http:\/\/lars-decker.de\/blogs\/wp-json\/wp\/v2\/tags?post=2682"}],"curies":[{"name":"wp","href":"https:\/\/api.w.org\/{rel}","templated":true}]}}