{"id":2680,"date":"2020-06-24T13:12:53","date_gmt":"2020-06-24T13:12:53","guid":{"rendered":"http:\/\/lars-decker.de\/blogs\/?p=2680"},"modified":"2020-06-22T04:12:22","modified_gmt":"2020-06-22T04:12:22","slug":"rencontres-esther","status":"publish","type":"post","link":"http:\/\/lars-decker.de\/blogs\/2020\/06\/24\/rencontres-esther\/","title":{"rendered":"Rencontres Esther"},"content":{"rendered":"<p>1. Jean Flori, Pr\u00eacher la croisade XI e-XIII e si\u00e8cle. Communication et propagande, Paris, 2012, dans Revue dHistoire de l\u00c9glise de France, 98, 2012, p 418-419. Le sujet biblique est pr\u00e9texte \u00e0 l\u00e9vocation dun Orient mythique et color\u00e9. La sinuosit\u00e9 du corps d\u00e9nud\u00e9 rappelle Ingres, mais le nu aux formes pleines et sensuelles caract\u00e9rise le type f\u00e9minin invent\u00e9 par lartiste. Un sujet pr\u00e9texte Du Nobel d\u00e9conomie aux rencontres dart contemporain : lactualit\u00e9 de Soft Power Nous avons rencontr\u00e9 Esther Bejarano au cours de luttes antifascistes en Allemagne. Esther est une survivante des camps de concentration nazis et milite aujourdhui \u00e0 92 ans avec son fils Joram et le groupe rap Microphone Mafia contre le racisme et lantis\u00e9mitisme, pour faire entendre un message de libert\u00e9. Ils vivent entre Cologne et Hambourg. Les Rencontres entre Charles Melman et Bernard Stiegler, \u00e0 linvitation dEsther Tellermann en vid\u00e9o Connaissez-vous bien les financements europ\u00e9ens auxquels vous pouvez acc\u00e9der? 1992, 4 e Rencontres. Les r\u00e9alisateurs cubains : Enrique Colina, Daniel D\u00edaz Torres et Jorge Luis S\u00e1nchez avec Francis Saint-Dizier 9. Juin 2014 : acquisition dun terrain de 2 hectares dans la cit\u00e9 de Luvungi au Sud-Kivu en vue dy d\u00e9velopper des projets humanitaires dint\u00e9r\u00eat commun. La langue fran\u00e7aise, implant\u00e9e en 1896 par la colonisation \u00e0 Madagascar o\u00f9 il y avait une langue nationale, est actuellement la langue de lenseignement et la langue d\u00e9criture dune partie des \u00e9crivains. Ce volume rappelle cette trajectoire et.. Aujourd hu i, nous partons \u00e0 la rencontre d Esther, une.. Quand Robert Herbin, mythique entra\u00eeneur des Verts d\u00e9c\u00e9d\u00e9 la semaine derni\u00e8re, emmenait ses joueurs faire du ski de fond au Bessat, au lieu-dit Le Vieux Tremplin merci Olivier Coupat lors des Rencontres Economiques : Les instruments de la prosp\u00e9rit\u00e9  Pour ne rien rater de lactualit\u00e9 avec la newsletter Notre temps Esther Duflo et Abhijit Banerjee \u00e9taient \u00e0 PSE depuis septembre 2017 en tant que professeurs invit\u00e9s pour la dur\u00e9e dune ann\u00e9e acad\u00e9mique. Photos : Nordic Focus Archive ASSE Finlandia Hiihto FFH AP Visma Ski Classics Instagram Facebook. Dans le m\u00eame temps, un contrat d\u00e9taill\u00e9 joint \u00e0 linvitation par courriel renseigne les postulants sur tous les d\u00e9tails des modalit\u00e9s dadh\u00e9sion. Apr\u00e8s cinq ans dabsence, Louis Chedid revient avec Tout ce quon veut dans la vie, un disque r\u00e9solument pop. Aussi bien quUn Ange Passe 2004 et parlant damour comme On Ne Dit Jamais Assez Aux Gens QuOn Aime QuOn Les Aime 2010, Tout Ce Quon Veut Dans La Vie s\u00e9duit par ses chansons et surtout You dont have permission to access this resource. Vous vous interrogez quant \u00e0 la protection de votre innovation?  Excellent! Tr\u00e8s patiente et p\u00e9dagogue encore mille merci \u00c0 la suite du casting et du debrief avec Esther, notre \u00e9quipe va analyser votre demande et s\u00e9lectionner les profils susceptibles de vous convenir en vue daffiner votre recherche et obtenir une liste de candidats potentiels. Communiquer librement sur vos souhaits et crit\u00e8res de recherche nous aidera \u00e0 organiser les premiers rendez-vous. <img decoding=\"async\" src=\"http:\/\/lesvadrouilles.com\/wp-blog\/wp-content\/uploads\/2017\/11\/GOPR5153-2.jpg\" alt=\"rencontres esther\" align=\"center\"> Mes parents mont appris \u00e0 respecter les \u00eatres humains, le vivant en g\u00e9n\u00e9ral. Au final, je suis m\u00eame devenue plus radicale queux sur la question puisque je suis vegan et quils ne le sont pas, mais je sais que cette d\u00e9cision a \u00e9t\u00e9 forg\u00e9e par des ann\u00e9es d\u00e9ducation tourn\u00e9es vers la Terre, vers les autres. <img decoding=\"async\" src=\"http:\/\/ec.europa.eu\/avservices\/avs\/files\/video6\/repository\/prod\/photo\/store\/7\/P033907000202-358178.jpg\" alt=\"rencontres esther\" align=\"right\">  <img decoding=\"async\" src=\"http:\/\/www.sudplanete.net\/_uploads\/images\/evenements\/52ebac0678806.jpg\" alt=\"rencontres esther\" align=\"left\"> Le P\u00f4le Strat\u00e9gie et Innovation de la CCI Limousin r\u00e9\u00e9dite cette ann\u00e9e laction Innovation Smart en Limousin qui vise \u00e0 acc\u00e9l\u00e9rer la constitution dune offre innovante jusqu\u00e0 sa mise..<\/p>\n","protected":false},"excerpt":{"rendered":"<p>rencontres esther<\/p>\n","protected":false},"author":1,"featured_media":0,"comment_status":"closed","ping_status":"closed","sticky":false,"template":"","format":"standard","meta":{"neve_meta_sidebar":"","neve_meta_container":"","neve_meta_enable_content_width":"","neve_meta_content_width":0,"neve_meta_title_alignment":"","neve_meta_author_avatar":"","neve_post_elements_order":"","neve_meta_disable_header":"","neve_meta_disable_footer":"","neve_meta_disable_title":""},"categories":[1],"tags":[],"_links":{"self":[{"href":"http:\/\/lars-decker.de\/blogs\/wp-json\/wp\/v2\/posts\/2680"}],"collection":[{"href":"http:\/\/lars-decker.de\/blogs\/wp-json\/wp\/v2\/posts"}],"about":[{"href":"http:\/\/lars-decker.de\/blogs\/wp-json\/wp\/v2\/types\/post"}],"author":[{"embeddable":true,"href":"http:\/\/lars-decker.de\/blogs\/wp-json\/wp\/v2\/users\/1"}],"replies":[{"embeddable":true,"href":"http:\/\/lars-decker.de\/blogs\/wp-json\/wp\/v2\/comments?post=2680"}],"version-history":[{"count":1,"href":"http:\/\/lars-decker.de\/blogs\/wp-json\/wp\/v2\/posts\/2680\/revisions"}],"predecessor-version":[{"id":2681,"href":"http:\/\/lars-decker.de\/blogs\/wp-json\/wp\/v2\/posts\/2680\/revisions\/2681"}],"wp:attachment":[{"href":"http:\/\/lars-decker.de\/blogs\/wp-json\/wp\/v2\/media?parent=2680"}],"wp:term":[{"taxonomy":"category","embeddable":true,"href":"http:\/\/lars-decker.de\/blogs\/wp-json\/wp\/v2\/categories?post=2680"},{"taxonomy":"post_tag","embeddable":true,"href":"http:\/\/lars-decker.de\/blogs\/wp-json\/wp\/v2\/tags?post=2680"}],"curies":[{"name":"wp","href":"https:\/\/api.w.org\/{rel}","templated":true}]}}