{"id":2672,"date":"2020-06-24T01:39:37","date_gmt":"2020-06-24T01:39:37","guid":{"rendered":"http:\/\/lars-decker.de\/blogs\/?p=2672"},"modified":"2020-06-22T04:01:04","modified_gmt":"2020-06-22T04:01:04","slug":"rencontre-performance-energetique-2013","status":"publish","type":"post","link":"http:\/\/lars-decker.de\/blogs\/2020\/06\/24\/rencontre-performance-energetique-2013\/","title":{"rendered":"Rencontre Performance \u00c9nerg\u00e9tique 2013"},"content":{"rendered":"<p>probl\u00e8mes dodeurs, dus \u00e0 la difficult\u00e9 de faire fonctionner correctement l\u00e9vent du syst\u00e8me dassainissement \u00e0 des temp\u00e9ratures ext\u00e9rieures tr\u00e8s basses ;  partie de lapprovisionnement en \u00e9lectron pour la part  4. Porter et traduire lambition au niveau de lintercommunalit\u00e9. La mise en place dun Plan Climat-Air-\u00c9nergie Territorial ambitieux est notamment une \u00e9tape-cl\u00e9 pour pr\u00e9parer lavenir. Je pense g\u00e9n\u00e9ralement que les toitures ne rentrent pas en compte sur un avis vif et net de plus de 100 euros sur lexpertise dexperts en ma\u00e7onnerie. Sinc\u00e8rement, je vous conseille de vous renseigner aupr\u00e8s dun sp\u00e9cialiste de plus de trois ann\u00e9es d\u00e9tudes \u00e0 ce sujet. Je pense franchement que de bonnes informations peuvent \u00eatre rendues futiles \u00e0 vos yeux en admettant que ces derni\u00e8res ne sont ni v\u00e9rifi\u00e9es, ni \u00e9tudi\u00e9es au pr\u00e9alable. Merci de la question, elle peut aider de nombreuses personnes dans ce milieu, qui cherchent la raison pour laquelle une maison est \u00e9nergivore ou pas. Wikipedia est une marque d\u00e9pos\u00e9e de la, organisation de bienfaisance r\u00e9gie par le paragraphe du code fiscal des \u00c9tats-Unis. L\u00e9nergie \u00e9lectrique repr\u00e9sente ainsi environ 30 Je voudrais obtenir un diagnostique GES et Classe Energie ainsi que amiante et plomb dans leau mais mon bailleur me le refuse au pr\u00e9texte que cela nest obligatoire que pour les constructions et baux locatifs beaucoup plus r\u00e9cents. Je suis locataire depuis septembre 2000 et ma situation financi\u00e8re ch\u00f4mage 550 mensuels ne me permet pas de faire r\u00e9aliser ces diagnostiques moi-m\u00eame. Connaissez-vous les obligations des bailleurs sociaux dans le domaine? Je vous remercie de bien vouloir me r\u00e9pondre. Jean-Dominique Michel est ce que les m\u00e9dias appellent un expert. Ce mot, h\u00e9las, ne veut strictement rien dire dans la plupart des contextes. Expert nest pas un titre prot\u00e9g\u00e9 comme lest m\u00e9decin, et il na aucune valeur quand il est auto-attribu\u00e9. Il se joue dans les m\u00e9dias une danse d\u00e9l\u00e9t\u00e8re o\u00f9 des journalistes valident lexpertise des personnes qui acceptent de venir remplir leur temps dantenne avec une parole orn\u00e9e des indicateurs du savoir et de lautorit\u00e9, ce qui est bon pour limage de leur programme. En retour, voil\u00e0 linvit\u00e9 adoub\u00e9 dun semblant dexpertise quil pourra aller cultiver sur un autre plateau. <img decoding=\"async\" src=\"http:\/\/www.renopassive.fr\/public\/Conso12-13-14-15.png\" alt=\"rencontre performance \u00e9nerg\u00e9tique 2013\" align=\"center\"> Bonjour, je vais bient\u00f4t recevoir ma maison individuelle achat en VEFA La grande distribution devra r\u00e9duire ses \u00e9missions de gaz \u00e0 effet de serre de 10 dici \u00e0 2020, et de 20 dici \u00e0 2025. Modifiant la m\u00e9thode de calcul 3CL-DPE introduite par larr\u00eat\u00e9 du 9 novembre 2006 portant approbation de diverses m\u00e9thodes de calcul pour le diagnostic de performance \u00e9nerg\u00e9tique en France m\u00e9tropolitaine Contrat de performance \u00e9nerg\u00e9tique \u00c9coles primaires de.. Les d\u00e9veloppements commerciaux sont cibl\u00e9s sur les centres les plus performants, selon Sophie Benainous Jones Lang LaSalle-lemoniteur.fr-18062013 <img decoding=\"async\" src=\"http:\/\/www.tdacamas.cf\/media\/catalog\/product\/cache\/1\/small_image\/375x500\/9df78eab33525d08d6e5fb8d27136e95\/c\/o\/coffret_d25_t.bos_dosatron.jpg\" alt=\"rencontre performance \u00e9nerg\u00e9tique 2013\" align=\"center\">  D\u00e9velopper de nouvelles approches pour affiner lexpertise technique sur la performance \u00e9nerg\u00e9tique des b\u00e2timents publics et priv\u00e9s, neufs et r\u00e9habilit\u00e9s. <img decoding=\"async\" src=\"http:\/\/irsiesc.esclaroch.blizz.eu\/wp-content\/uploads\/2014\/05\/Afnor-Groupe-300x151.jpg\" alt=\"rencontre performance \u00e9nerg\u00e9tique 2013\" align=\"center\"> pour les annonces immobili\u00e8res. Voici un des diagnostiqueurs certifi\u00e9s. Vous trouverez ici quelques 4. De constituer un r\u00c3seau d\u00e2\u00c3change r\u00c3gional des acteurs engag\u00c3s dans la BBC. Quelle peut-\u00eatre le co\u00fbt annuel moyen de chauffage?<\/p>\n","protected":false},"excerpt":{"rendered":"<p>rencontre performance \u00e9nerg\u00e9tique 2013<\/p>\n","protected":false},"author":1,"featured_media":0,"comment_status":"closed","ping_status":"closed","sticky":false,"template":"","format":"standard","meta":{"neve_meta_sidebar":"","neve_meta_container":"","neve_meta_enable_content_width":"","neve_meta_content_width":0,"neve_meta_title_alignment":"","neve_meta_author_avatar":"","neve_post_elements_order":"","neve_meta_disable_header":"","neve_meta_disable_footer":"","neve_meta_disable_title":""},"categories":[1],"tags":[],"_links":{"self":[{"href":"http:\/\/lars-decker.de\/blogs\/wp-json\/wp\/v2\/posts\/2672"}],"collection":[{"href":"http:\/\/lars-decker.de\/blogs\/wp-json\/wp\/v2\/posts"}],"about":[{"href":"http:\/\/lars-decker.de\/blogs\/wp-json\/wp\/v2\/types\/post"}],"author":[{"embeddable":true,"href":"http:\/\/lars-decker.de\/blogs\/wp-json\/wp\/v2\/users\/1"}],"replies":[{"embeddable":true,"href":"http:\/\/lars-decker.de\/blogs\/wp-json\/wp\/v2\/comments?post=2672"}],"version-history":[{"count":1,"href":"http:\/\/lars-decker.de\/blogs\/wp-json\/wp\/v2\/posts\/2672\/revisions"}],"predecessor-version":[{"id":2673,"href":"http:\/\/lars-decker.de\/blogs\/wp-json\/wp\/v2\/posts\/2672\/revisions\/2673"}],"wp:attachment":[{"href":"http:\/\/lars-decker.de\/blogs\/wp-json\/wp\/v2\/media?parent=2672"}],"wp:term":[{"taxonomy":"category","embeddable":true,"href":"http:\/\/lars-decker.de\/blogs\/wp-json\/wp\/v2\/categories?post=2672"},{"taxonomy":"post_tag","embeddable":true,"href":"http:\/\/lars-decker.de\/blogs\/wp-json\/wp\/v2\/tags?post=2672"}],"curies":[{"name":"wp","href":"https:\/\/api.w.org\/{rel}","templated":true}]}}