{"id":2646,"date":"2020-06-24T08:21:59","date_gmt":"2020-06-24T08:21:59","guid":{"rendered":"http:\/\/lars-decker.de\/blogs\/?p=2646"},"modified":"2020-06-22T03:42:16","modified_gmt":"2020-06-22T03:42:16","slug":"rencontres-rhodaniennes","status":"publish","type":"post","link":"http:\/\/lars-decker.de\/blogs\/2020\/06\/24\/rencontres-rhodaniennes\/","title":{"rendered":"Rencontres Rhodaniennes"},"content":{"rendered":"<p>Plus concentr\u00e9, plus riche en alcool, moins acide. Voil\u00e0 ce \u00e0 quoi pourrait bien ressembler notre verre de vin rouge en 2050. Les effets du changement climatique ont \u00e9t\u00e9 d\u00e9crits sur la vigne et le.. Le conditionnement en f\u00fbts Ecofass nest pour linstant pas automatis\u00e9 pour linsertion des poches dans le f\u00fbt ou lajout de gaz de contre-pression. Le conditionnement n\u00e9cessite donc plus de manutention quun f\u00fbt traditionnel, note Sophie Vialis dans sa synth\u00e8se. Il faut donc ins\u00e9rer la poche manuellement, ajuster ensuite la pression avec le gaz de contre-pression et conditionner ensuite les f\u00fbts avec le vin t\u00eate en bas. Mais puisquil ny a pas d\u00e9tape de lavage et de d\u00e9sinfection, ce concept n\u00e9cessite par ailleurs moins de temps que les f\u00fbts traditionnels. Le basketteur se rem\u00e9more lexercice 2014 2015 et l\u00e9quipe entra\u00een\u00e9e par Hubert Fournier. Je me rappelle de la saison 2014-15 o\u00f9 on \u00e9tait premier et on se fait doubler par le PSG. Cest un mauvais souvenir qui fait encore mal, conc\u00e8de-t-il. On avait une \u00e9quipe jeune, qui jouait bien. On ne sattendait pas \u00e0 une telle saison. On \u00e9tait proche du titre. Parmi les pistes \u00e9tudi\u00e9es, r\u00e9v\u00e8le, par linterm\u00e9diaire de son correspondant Bilel Ghazi, que le club rhodanien lorgne sur un d\u00e9fenseur prometteur du championnat br\u00e9silien. Inspir\u00e9 par la r\u00e9ussite Bruno Guimaraes, le board lyonnais, men\u00e9 par Juninho, pourrait de nouveau entrer en n\u00e9gociations avec lAthletico Paranaense, dans le but de les convaincre de l\u00e2cher Robson Bambu ci-dessous.  Pour visiter notre site, vous devez \u00eatre en \u00e2ge de consommer de lalcool selon la l\u00e9gislation en vigueur dans votre pays de r\u00e9sidence. Du 10 au 13 octobre 2019 Halles des sports des Eyrieux, Bagnols sur C\u00e8ze Ce site cr\u00e9\u00e9 en 2001 est anim\u00e9 b\u00e9n\u00e9volement par des m\u00e9decins du travail et des pr\u00e9venteurs en sant\u00e9 au travail regroup\u00e9s en une association ind\u00e9pendante. Son objectif principal est de mettre en commun des fiches de m\u00e9tiers et des fiches de risques professionnels. Toutes les personnes qui se sentent concern\u00e9es par la sant\u00e9 et la s\u00e9curit\u00e9 au travail peuvent participer \u00e0 la vie du site par leurs remarques et suggestions. 16eme rencontres Rhodaniennes, pr\u00e9sentation : Hygi\u00e8ne des barriques : efficacit\u00e9 des nettoyages. Nicolas RICHARD Jumelages et partenariats dArles. Jumelages et partenariats dArles. Ville Jean-Michel Aulas, pr\u00e9sident de lOlympique Lyonnais, avait confirm\u00e9, samedi, \u00e0 huis clos. Une d\u00e9claration un peu h\u00e2tive de la part du cacique lyonnais. Le club rhodanien a en effet rectifi\u00e9 les propos de son pr\u00e9sident ce samedi, \u00e0 la veille de la lev\u00e9e progressive du confinement en France. Fort du succ\u00e8s de l\u00e9dition 2015, le Collectif vous donne rendez-vous sur l\u00e9v\u00e8nement BIG, les rencontres 2016, le 3 octobre prochain, au Forum de Laudun-Lardoise. Published by COLLECTIF RENCONTRES CITOYENNES RHODANIENNES  Cloudflare Ray ID: 5a278363cdaadfe7 Your IP: 109.107.240.240 Performance security by \u00c9glise Saint-Honorat CMH 1840 ; PMU 1981 : n\u00e9cropole des Alyscamps Moyen \u00c2ge, XII e si\u00e8cle <img decoding=\"async\" src=\"http:\/\/lessor.fr\/content\/images\/2015\/11\/18\/12296\/_thumbs\/Images\/bonne-bernard-ud-pilat.jpg\" alt=\"rencontres rhodaniennes\" align=\"center\"> Les arl\u00e9siennes, qui correspondent au sud de ce petit massif, commencent \u00e0 partir du monast\u00e8re de, b\u00e2ti sur un \u00eelot surplombant une plaine mar\u00e9cageuse ass\u00e9ch\u00e9e \u00e0 plusieurs reprises sous les Romains, au X e si\u00e8cle puis aux XVI e et XVII e si\u00e8cles et enfin au XIX e si\u00e8cle. Elles longent du nord \u00e0 lest, les villages de, avec le moulin de, du, de et de., un rare exemple darchitecture industrielle du XVIII e si\u00e8cle. La Revue des Vins de France a d\u00e9sign\u00e9 les personnalit\u00e9s qui ont marqu\u00e9 le monde du vin en 2018. Parmi elles, on retrouve Vincent Dureuil, vigneron bourguignon fid\u00e8le dOvinAlp depuis plus de 20 ans. Vous le trouverez sur le site dATTAC Gard rhodanien dans le menu du haut \u00e0 droite. <img decoding=\"async\" src=\"http:\/\/www.metcpare.ga\/4209-22372-thickbox\/location-maison-5-pieces-aubigny-sur-nere-18700.jpg\" alt=\"rencontres rhodaniennes\" align=\"right\"> LOL rectifie les propos de Jean-Michel Aulas sur Juve-OL Au niveau de la formation, les chiffres de 2011 refl\u00e8tent une tendance observ\u00e9e depuis longtemps \u00e0 Arles et dans la r\u00e9gion : 24,7 des Arl\u00e9siens \u00e2g\u00e9s de 15 ans ou plus sont sans dipl\u00f4me et 22 ont fait des \u00e9tudes sup\u00e9rieures courtes ou longues contre respectivement 24,3 et 24 au niveau national en 2013. Installez lapplication sur votre Iphone : cliquez ci-dessous puis Ajouter \u00e0 l\u00e9cran daccueil \u00e0 partir de Safari Le Mont\u00e9n\u00e9grin se souvient de la seule et unique fois o\u00f9 il est venu \u00e0 D\u00e9cines assister \u00e0 une rencontre du club rhodanien. Quand je suis venu au Parc OL. C\u00e9tait contre Monaco lors de la saison 2015-16 avec une victoire 6-1. C\u00e9tait le premier match que je regardais au stade. C\u00e9tait un gros match, important pour la Champions League, se souvient-il. Lexp\u00e9rience enti\u00e8re \u00e9tait magnifique. J\u00e9tais avec un de mes amis. On en parle encore souvent. C\u00e9tait magnifique de venir \u00e0 Lyon, le stade est tr\u00e8s beau. C\u00e9tait un plaisir de rencontrer les joueurs, daller sur la pelouse. C\u00e9tait une exp\u00e9rience incroyable. Je remercie le club. Vivre le moment au stade est toujours diff\u00e9rent que devant la t\u00e9l\u00e9vision. On \u00e9tait proche du titre <img decoding=\"async\" src=\"http:\/\/blog.lanakats.com\/wp-content\/uploads\/2011\/08\/IMG_3726-333x500.jpg\" alt=\"rencontres rhodaniennes\" align=\"left\">  Il appartient \u00e0 la puissante famille proven\u00e7ale des Je reconnais avoir lu et accept\u00e9 les et la politique de confidentialit\u00e9 Ce champ est obligatoire Animations p\u00e9dagogiques effectu\u00e9es par les associations pour les scolaires et les structures de loisirs sur des th\u00e8mes comme leau, lair, le bruit, la flore, la faune, les \u00e9cosyst\u00e8mes, les rapports entre lhomme et lenvironnement..<\/p>\n","protected":false},"excerpt":{"rendered":"<p>rencontres rhodaniennes<\/p>\n","protected":false},"author":1,"featured_media":0,"comment_status":"closed","ping_status":"closed","sticky":false,"template":"","format":"standard","meta":{"neve_meta_sidebar":"","neve_meta_container":"","neve_meta_enable_content_width":"","neve_meta_content_width":0,"neve_meta_title_alignment":"","neve_meta_author_avatar":"","neve_post_elements_order":"","neve_meta_disable_header":"","neve_meta_disable_footer":"","neve_meta_disable_title":""},"categories":[1],"tags":[],"_links":{"self":[{"href":"http:\/\/lars-decker.de\/blogs\/wp-json\/wp\/v2\/posts\/2646"}],"collection":[{"href":"http:\/\/lars-decker.de\/blogs\/wp-json\/wp\/v2\/posts"}],"about":[{"href":"http:\/\/lars-decker.de\/blogs\/wp-json\/wp\/v2\/types\/post"}],"author":[{"embeddable":true,"href":"http:\/\/lars-decker.de\/blogs\/wp-json\/wp\/v2\/users\/1"}],"replies":[{"embeddable":true,"href":"http:\/\/lars-decker.de\/blogs\/wp-json\/wp\/v2\/comments?post=2646"}],"version-history":[{"count":1,"href":"http:\/\/lars-decker.de\/blogs\/wp-json\/wp\/v2\/posts\/2646\/revisions"}],"predecessor-version":[{"id":2647,"href":"http:\/\/lars-decker.de\/blogs\/wp-json\/wp\/v2\/posts\/2646\/revisions\/2647"}],"wp:attachment":[{"href":"http:\/\/lars-decker.de\/blogs\/wp-json\/wp\/v2\/media?parent=2646"}],"wp:term":[{"taxonomy":"category","embeddable":true,"href":"http:\/\/lars-decker.de\/blogs\/wp-json\/wp\/v2\/categories?post=2646"},{"taxonomy":"post_tag","embeddable":true,"href":"http:\/\/lars-decker.de\/blogs\/wp-json\/wp\/v2\/tags?post=2646"}],"curies":[{"name":"wp","href":"https:\/\/api.w.org\/{rel}","templated":true}]}}