{"id":2614,"date":"2020-06-24T09:58:12","date_gmt":"2020-06-24T09:58:12","guid":{"rendered":"http:\/\/lars-decker.de\/blogs\/?p=2614"},"modified":"2020-06-22T03:16:05","modified_gmt":"2020-06-22T03:16:05","slug":"rencontre-avec-zinedine-zidane","status":"publish","type":"post","link":"http:\/\/lars-decker.de\/blogs\/2020\/06\/24\/rencontre-avec-zinedine-zidane\/","title":{"rendered":"Rencontre Avec Zinedine Zidane"},"content":{"rendered":"<p>Lors de la reprise de la Liga jeudi, lailier du FC S\u00e9ville Lucas Ocampos a \u00e9t\u00e9 d\u00e9terminant pour permettre le succegr La Liga est la premi\u00e8re division du championnat dEspagne de football opposant vingt clubs professionnels. La saison d\u00e9bute habituellement en ao\u00fbt pour se terminer au mois de mai. Les p\u00e9riodes de mercato vont traditionnellement de d\u00e9but juinjuillet jusqu\u00e0 fin ao\u00fbt d\u00e9but septembre en fonction des ann\u00e9es pour le mercato estival et tout le mois de janvier pour le mercato hivernal. Durant ces deux p\u00e9riodes, les clubs sont autoris\u00e9s \u00e0 vendre et \u00e0 recruter de nouveaux joueurs sous le contr\u00f4le de la LFP, la Liga de F\u00fatbol Profesional. Elle est comme vous limaginez.. : limprobable rencontre entre Zin\u00e9dine Zidane et Cartman.. Dans un vestiaire de foot VIDEO  <img decoding=\"async\" src=\"http:\/\/footmag.fr\/wp-content\/uploads\/2016\/05\/Zinedine-Zidane.jpg\" alt=\"rencontre avec zinedine zidane\" align=\"left\">, sur lequipe.fr,, 11 janvier 2008 consult\u00e9 le 31 mai 2013.  <img decoding=\"async\" src=\"http:\/\/static1.purepeople.com\/articles\/6\/15\/71\/86\/@\/1772628-zinedine-zidane-son-eacute-pouse-950x0-1.jpg\" alt=\"rencontre avec zinedine zidane\" align=\"left\"> Qualifi\u00e9 en apr\u00e8s une quatri\u00e8me place obtenue, les girondins sont \u00e9galement performants en championnat. Le duo Zidane-Dugarry fait des merveilles tandis que Zizou se trouve une nouvelle sp\u00e9cialit\u00e9 : les coups francs. Il en inscrit au total 12 durant sa carri\u00e8re bordelaise. Malgr\u00e9 un carton rouge contre \u00e0 la suite dun coup de poing donn\u00e9 \u00e0 en septembre 1993, son talent ne tarde pas \u00e0 marquer les esprits et il devient le chouchou du public girondin,. L\u00e9limination pr\u00e9coce en coupe dEurope nemp\u00eache pas les bordelais de terminer \u00e0 une honorable quatri\u00e8me place. Au terme de la saison, apr\u00e8s avoir inscrit 6 buts en 34 matchs, Zidane re\u00e7oit le du meilleur espoir du. Ses performances lui ouvrent les portes de l\u00e9quipe de France A en ao\u00fbt 1994. La saison suivante est assez similaire, de nouveau \u00e9limin\u00e9 rapidement en, les girondins parviennent \u00e0 d\u00e9crocher une cinqui\u00e8me place qualificative pour la. Le num\u00e9ro 7 bordelais a, quant \u00e0 lui, marqu\u00e9 6 fois en 37 matchs de et confirme son nouveau statut. You can email the site owner to let them know you were blocked. Please include what you were doing when this page came up and the Cloudflare Ray ID found at the bottom of this page. En Henry Winter,, sur telegraph.co.uk,, 29 juin 2000 consult\u00e9 le 16 juin 2013 Alban Lagoutte,, sur, 22 f\u00e9vrier 2016 consult\u00e9 le 24 f\u00e9vrier 2016., sur eurosport.fr, 14 juin 2010 consult\u00e9 le 2 juin 2013. Choisir le type dabus Facultatif Compl\u00e9ter votre signalement Facultatif Ce match, cest aussi un beau duel de coach avec Alex Ferguson contre Carlo Ancelotti. On va se r\u00e9galer! Ils ont brill\u00e9 ce soir-l\u00e0 A.C,, sur tf1.fr,, 18 ao\u00fbt 2007 consult\u00e9 le 7 ao\u00fbt 2014  Zin\u00e9dine Zidane compl\u00e8tement nu : cette partie de son anatomie qui interpelle! ZZ a d\u00e9clar\u00e9 que sa rencontre avec le milieu de terrain de l\u00e9quipe de France \u00e9tait une pure co\u00efncidence, avant dajouter : Il \u00e9tait l\u00e0 et moi aussi. Et comme nous nous connaissons, nous avons parl\u00e9. Je ne vais pas vous dire de quoi, cest personnel. Nous nous connaissons depuis longtemps. Nous nous sommes crois\u00e9s, nous nous sommes arr\u00eat\u00e9s et nous avons parl\u00e9. La d\u00e9claration de Zidane, en r\u00e9ponse \u00e0 cette photographie, publi\u00e9e par deux quotidiens britanniques, le Daily Star et le Daily Mirror, ne manquera pas de nourrir les fantasmes pour les supporters du Real, surtout quand on sait que Pogba \u00e9tait la cible prioritaire de Zizou lors du mercato estival. Nicolas Lagavardan,, sur maxifoot.fr, 23 mai 2011 consult\u00e9 le 8 mars 2014. Selon, ici en 2008, Le dernier grand joueur \u00e9tait Zidane. Vous pensiez tout conna\u00eetre de Zinedine Zidane? La star cache pourtant des choses dont on ne parle jamais ou presque. Une maladie g\u00e9n\u00e9tique qui laffaiblit Auteur dun but sur penalty et dune passe d\u00e9cisive g\u00e9niale sur une talonnade, lailier du FC S\u00e9ville Lucas Ocampos 25 ans, 23 matchs et 11 buts en L Zidane avait fait cet \u00e9t\u00e9 du joueur de Manchester United sa priorit\u00e9 et le champion du monde avait manifest\u00e9 publiquement son int\u00e9r\u00eat pour la Maison Blanche. Vendredi, lancien num\u00e9ro dix des Bleus na pas voulu livrer le contenu de leur conversation. <img decoding=\"async\" src=\"http:\/\/www.lejsd.com\/sites\/lejsd.dev\/files\/2018-06-11_Zidane_MAN_6465%C2%A9Aiman%20SAAD%20ELLAOUI.JPG\" alt=\"rencontre avec zinedine zidane\" align=\"right\">.<\/p>\n","protected":false},"excerpt":{"rendered":"<p>rencontre avec zinedine zidane<\/p>\n","protected":false},"author":1,"featured_media":0,"comment_status":"closed","ping_status":"closed","sticky":false,"template":"","format":"standard","meta":{"neve_meta_sidebar":"","neve_meta_container":"","neve_meta_enable_content_width":"","neve_meta_content_width":0,"neve_meta_title_alignment":"","neve_meta_author_avatar":"","neve_post_elements_order":"","neve_meta_disable_header":"","neve_meta_disable_footer":"","neve_meta_disable_title":""},"categories":[1],"tags":[],"_links":{"self":[{"href":"http:\/\/lars-decker.de\/blogs\/wp-json\/wp\/v2\/posts\/2614"}],"collection":[{"href":"http:\/\/lars-decker.de\/blogs\/wp-json\/wp\/v2\/posts"}],"about":[{"href":"http:\/\/lars-decker.de\/blogs\/wp-json\/wp\/v2\/types\/post"}],"author":[{"embeddable":true,"href":"http:\/\/lars-decker.de\/blogs\/wp-json\/wp\/v2\/users\/1"}],"replies":[{"embeddable":true,"href":"http:\/\/lars-decker.de\/blogs\/wp-json\/wp\/v2\/comments?post=2614"}],"version-history":[{"count":1,"href":"http:\/\/lars-decker.de\/blogs\/wp-json\/wp\/v2\/posts\/2614\/revisions"}],"predecessor-version":[{"id":2615,"href":"http:\/\/lars-decker.de\/blogs\/wp-json\/wp\/v2\/posts\/2614\/revisions\/2615"}],"wp:attachment":[{"href":"http:\/\/lars-decker.de\/blogs\/wp-json\/wp\/v2\/media?parent=2614"}],"wp:term":[{"taxonomy":"category","embeddable":true,"href":"http:\/\/lars-decker.de\/blogs\/wp-json\/wp\/v2\/categories?post=2614"},{"taxonomy":"post_tag","embeddable":true,"href":"http:\/\/lars-decker.de\/blogs\/wp-json\/wp\/v2\/tags?post=2614"}],"curies":[{"name":"wp","href":"https:\/\/api.w.org\/{rel}","templated":true}]}}