{"id":2546,"date":"2020-06-24T03:45:52","date_gmt":"2020-06-24T03:45:52","guid":{"rendered":"http:\/\/lars-decker.de\/blogs\/?p=2546"},"modified":"2020-06-22T02:21:50","modified_gmt":"2020-06-22T02:21:50","slug":"qui-rencontre-nabilla-pour-son-anniversaire","status":"publish","type":"post","link":"http:\/\/lars-decker.de\/blogs\/2020\/06\/24\/qui-rencontre-nabilla-pour-son-anniversaire\/","title":{"rendered":"Qui Rencontre Nabilla Pour Son Anniversaire"},"content":{"rendered":"<p>Le 15 f\u00e9vrier 2018, un communiqu\u00e9 de presse annon\u00e7ait le divorce de Jennifer Aniston et de son deuxi\u00e8me \u00e9poux, Justin Theroux. Contre toute attente, lun des couples les plus.. Ne laissez plus personne d\u00e9cider combien vous gagnez. Il est temps de reprendre en main vos finances. Cest possible, et bonne nouvelle, sans travailler plusgr\u00e2ce \u00e0 linvestissement locatif. Et ce audiolivre va vous donner tous les \u00e9l\u00e9ments pour y arriver. Jai construit chaque chapitre en \u00e9tant \u00e0 l\u00e9coute des freins, des peurs, de toutes les barri\u00e8res que mes coll\u00e8gues, amis, connaissances pouvaient avoir. Nabilla, saoule, agresse une femme en pleine rue \u00e0 Miami, sur le tournage des Anges de la T\u00e9l\u00e9r\u00e9alit\u00e9 CAPTURE VID\u00c9O La terminologie de race a-t-elle sa place dans la constitution dun pays? En Allemagne, le d\u00e9bat ressurgit \u00e0 la faveur de la mobilisation antiraciste aux Etats-Unis et dans le monde apr\u00e8s la mort de George Floyd. Bravant linterdiction des juges, le jeune homme a communiqu\u00e9 avec la bimbo, via une photo sur Instagram. Nabilla f\u00eate ce jeudi ses 23 ans. Nabilla dans les Anges 5 \u00e9pisode 34, paresse quand tu nous tiens! PRELEVEMENT A LA SOURCE. Au mois de septembre, certains contribuables vont se voir appliquer un nouveau taux de pr\u00e9l\u00e8vement \u00e0 la source. On vous explique pourquoi. News Nabilla : son adorable message danniversaire \u00e0 Thomas Vergara Alors que le 7 mai dernier, Rupert Grint, interpr\u00e8te de Ron Weasley dans la saga Harry Potter, annon\u00e7ait \u00eatre papa, lacteur principal Daniel Radcliffe a r\u00e9v\u00e9l\u00e9 son ressenti sur lheureux \u00e9v\u00e9nement. Une r\u00e9action spontan\u00e9e et amusante! Karine Lemarchand anime LAmour est dans le pr\u00e9 en France depuis 10 ans. L\u00e9mission lui a permis de rencontrer beaucoup dagriculteurs et agricultrices, et d\u00e9changer avec eux.. <img decoding=\"async\" src=\"http:\/\/www.jeremstar.fr\/wp-content\/uploads\/categories\/ayem%20nour.jpg\" alt=\"qui rencontre nabilla pour son anniversaire\" align=\"center\"> Uusilla huonekaluilla tunnelmaa kotiin ja viihtyis\u00e4 ty\u00f6ymp\u00e4rist\u00f6 Le 2 juin 2020 \u00e0 Paris, une manifestation pacifique non-autoris\u00e9e contre la violence polici\u00e8re et linjustice raciale a r\u00e9uni environ 20 000 personnes, \u00e0 lappel du comit\u00e9 de soutien de la famille dAdama Traor\u00e9, d\u00e9c\u00e9d\u00e9 en 2016. <img decoding=\"async\" src=\"http:\/\/www.premiere.fr\/sites\/default\/files\/styles\/scale_crop_640x360\/public\/2018-04\/nabilla_oitnb_0.jpg\" alt=\"qui rencontre nabilla pour son anniversaire\" align=\"right\"> Nabilla : D\u00e9couvrez lincroyable surprise de Thomas pour son anniversaire! Depuis que la chanteuse a d\u00e9voil\u00e9 sa grossesse dans son dernier clip, le couple laisse exploser sa joie. Orlando Bloom a dailleurs adress\u00e9 un joli message \u00e0 Katy Perry et \u00e0 leur b\u00e9b\u00e9 \u00e0 na\u00eetre. <img decoding=\"async\" src=\"http:\/\/static1.terrafemina.com\/articles\/2\/11\/21\/62\/@\/106372-le-prime-des-anges-5-top-10-des-perles-de-la-rencontre-au-sommet-nabilla-kim-kardashian-622x0-1.jpg\" alt=\"qui rencontre nabilla pour son anniversaire\" align=\"left\"> Invit\u00e9 de C \u00e0 vous sur France 5 ce lundi 8 juin, Mathieu Kassovitz a revu des images de ses premi\u00e8res apparitions au cin\u00e9ma et \u00e0 la t\u00e9l\u00e9vision. La pr\u00e9sentatrice Anne-Elisabeth.. La sagesse des anciens : une route assur\u00e9e du bonheur et de la prosp\u00e9rit\u00e9! Dans son best-seller classique, Lhomme le plus riche de Babylone, George S. Clason r\u00e9v\u00e8le ses secrets pour cr\u00e9er, accro\u00eetre et pr\u00e9server ses richesses. Le livre a \u00e9t\u00e9 publie pour la premi\u00e8re fois en 1926 et a d\u00e9j\u00e0 rencontr\u00e9 des millions dadeptes enthousiastes. De nos jours, apr\u00e8s presque 100 ans, il ne perd pas son actualit\u00e9. Les informations recueillies par ce formulaire font lobjet dun traitement informatique \u00e0 destination de Reworld Media Magazines etou ses partenaires et prestataires afin de pouvoir envoyer les bons plans et offres promotionnelles. Lors de la premi\u00e8re partie de cette demi-finale la seconde partie aura lieu lundi prochain, chaque candidat a mis au d\u00e9fi ses comparses. \u00c0 commencer par David, qui a demand\u00e9 \u00e0.. Thomas Vergara est une personnalit\u00e9 de la t\u00e9l\u00e9-r\u00e9alit\u00e9 r\u00e9v\u00e9l\u00e9 dans Secret Story 6 o\u00f9 il devait d\u00e9fendre avec Nad\u00e8ge Lacroix leur secret commun: Nous sommes de faux fr\u00e8res et s\u0153urs. Malheureusement le jeune homme se fait exclure au bout de la treizi\u00e8me semaine suite \u00e0 un comportement inacceptable. Avant de faire Secret Story, Thomas Vergara \u00e9tait un joueur de football prometteur mais suite \u00e0 un accident il a d\u00fb abandonner ses r\u00eaves de footballeur professionnel. Il officie par la suite en tant quattach\u00e9 de presse dans les bo\u00eetes les plus branch\u00e9es de la C\u00f4te dAzur. Apr\u00e8s Secret Story 6, Thomas Vergara continue la t\u00e9l\u00e9-r\u00e9alit\u00e9: il est candidat dans les Anges de la t\u00e9l\u00e9-r\u00e9alit\u00e9 5o\u00f9 il a pour objectif de devenir mannequin. Sur le tournage il rencontre Nabilla dont il tombe \u00e9perdument amoureux. On le retrouve par la suite dans l\u00e9mission de celle-ci: All\u00f4 Nabilla en tant petit-ami. Carri\u00e8re Geste. Emmanuel Macron est conscient du lien qui unissait Fran\u00e7ois Baroin et son mentor Jacques Chirac. \u00c0 la mort de ce dernier, le pr\u00e9sident de la R\u00e9publique a donc eu une pens\u00e9e toute particuli\u00e8re pour le compagnon de Mich\u00e8le Laroque. Emmanuel Macron a pris le temps de t\u00e9l\u00e9phoner \u00e0 Fran\u00e7ois Baroin pour sassocier \u00e0 sa douleur, a indiqu\u00e9 LExpress.    Marque de reconnaissance. D\u00e9c\u00e9d\u00e9 il y a 4 ans, David Bowie est rest\u00e9 dans le coeur de nombreux fans dont J\u00e9r\u00f4me Coumet qui a d\u00e9cid\u00e9 de rendre un bel hommage au chanteur! David Bowie aurait eu 73 ans aujourdhui Et jai un scoop : une rue de Paris13 devrait prochainement porter son nom, a confi\u00e9 sur twitter le mairie du 13\u00e8me arrondissement de Paris qui ne r\u00e9v\u00e8le pour linstant pas lemplacement de la rue en question. Anne Hidalgo, marqu\u00e9e \u00e0 vie par Le Pen.<\/p>\n","protected":false},"excerpt":{"rendered":"<p>qui rencontre nabilla pour son anniversaire<\/p>\n","protected":false},"author":1,"featured_media":0,"comment_status":"closed","ping_status":"closed","sticky":false,"template":"","format":"standard","meta":{"neve_meta_sidebar":"","neve_meta_container":"","neve_meta_enable_content_width":"","neve_meta_content_width":0,"neve_meta_title_alignment":"","neve_meta_author_avatar":"","neve_post_elements_order":"","neve_meta_disable_header":"","neve_meta_disable_footer":"","neve_meta_disable_title":""},"categories":[1],"tags":[],"_links":{"self":[{"href":"http:\/\/lars-decker.de\/blogs\/wp-json\/wp\/v2\/posts\/2546"}],"collection":[{"href":"http:\/\/lars-decker.de\/blogs\/wp-json\/wp\/v2\/posts"}],"about":[{"href":"http:\/\/lars-decker.de\/blogs\/wp-json\/wp\/v2\/types\/post"}],"author":[{"embeddable":true,"href":"http:\/\/lars-decker.de\/blogs\/wp-json\/wp\/v2\/users\/1"}],"replies":[{"embeddable":true,"href":"http:\/\/lars-decker.de\/blogs\/wp-json\/wp\/v2\/comments?post=2546"}],"version-history":[{"count":1,"href":"http:\/\/lars-decker.de\/blogs\/wp-json\/wp\/v2\/posts\/2546\/revisions"}],"predecessor-version":[{"id":2547,"href":"http:\/\/lars-decker.de\/blogs\/wp-json\/wp\/v2\/posts\/2546\/revisions\/2547"}],"wp:attachment":[{"href":"http:\/\/lars-decker.de\/blogs\/wp-json\/wp\/v2\/media?parent=2546"}],"wp:term":[{"taxonomy":"category","embeddable":true,"href":"http:\/\/lars-decker.de\/blogs\/wp-json\/wp\/v2\/categories?post=2546"},{"taxonomy":"post_tag","embeddable":true,"href":"http:\/\/lars-decker.de\/blogs\/wp-json\/wp\/v2\/tags?post=2546"}],"curies":[{"name":"wp","href":"https:\/\/api.w.org\/{rel}","templated":true}]}}