{"id":2532,"date":"2020-06-24T06:56:40","date_gmt":"2020-06-24T06:56:40","guid":{"rendered":"http:\/\/lars-decker.de\/blogs\/?p=2532"},"modified":"2020-06-22T02:08:29","modified_gmt":"2020-06-22T02:08:29","slug":"rencontre-femme-de-tenes","status":"publish","type":"post","link":"http:\/\/lars-decker.de\/blogs\/2020\/06\/24\/rencontre-femme-de-tenes\/","title":{"rendered":"Rencontre Femme De Tenes"},"content":{"rendered":"<p>Publication dun article de Presse La Montagne du 19 f\u00e9vrier 2019  s\u00e9par\u00e9 depuis peu, sur Lorient, je recherche une amiti\u00e9 femme avec beaucoup dhumour pour resto,danser,revivre quoi <img decoding=\"async\" src=\"http:\/\/www.systecovn.tk\/files\/dates\/thumbs\/retakespaulromansmall-fgobarbara.jpg\" alt=\"rencontre femme de tenes\" align=\"left\"> <img decoding=\"async\" src=\"http:\/\/drcaktanten.ga\/assets\/uploads\/images\/_columns3\/photo-fondateur.jpg\" alt=\"rencontre femme de tenes\" align=\"center\"> Dans ce contexte, naissait, par un pacte sign\u00e9 le 22 mars 1945, la Ligue des Etats arabes lors du congr\u00e8s dH\u00e9liopolis, en \u00c9gypte. Randonn\u00e9e Cin\u00e9ma Restaurant Promenades en bord de mer Quatre membres du Rex Club Dom\u00e9ratois mis \u00e0 lhonneur. <img decoding=\"async\" src=\"http:\/\/kardoc.unblog.fr\/files\/2012\/01\/Bab-el-Bhar.jpg\" alt=\"rencontre femme de tenes\" align=\"right\"> More information about this error may be available  Animaux Soir\u00e9es priv\u00e9es Ballades en for\u00eat Soir\u00e9e en amoureux La mis\u00e8re du peuple \u00e9tait poignante. Les droits les plus \u00e9l\u00e9mentaires de lHomme \u00e9taient bafou\u00e9s. De cinq quintaux de c\u00e9r\u00e9ales en moyenne par an par habitant en 1871, la famille alg\u00e9rienne nen recevait que deux quintaux. Bonjour venant darriver dans la r\u00e9gion je recherche a faire de nouvel rencontre amitie ou plus&#8230; : je suis \u00e9galement maman c\u00e9libataire dun petit gar\u00e7on de 7 mois qui lui aussi sera heureux de rencontrer de nouvel bouille alors nhesitez pas a venir parlez bisous Pr\u00e9voyez d\u00e8s maintenant de r\u00e9server votre W.E. Des 18 et 19 janvier 2020. Plong\u00e9e Repas entre amis Randonn\u00e9e Balade au bord de la mer. Cin\u00e9ma. Pays: R\u00e9gionProvince: R\u00e9gionProvince: Mise \u00e0 jour du formulaire.. And the actions you performed just before this error.  et pourtant je suis toujours \u00e0 2m de ton ancien bureau L\u00e9o Bonjour, en couple avec 3 enfants et depuis 2 ans dans la r\u00e9gion, les sorties, les moments entre amis me manque beaucoup. Alors si vous \u00eates comme moi, \u00e0 la recherche damis avec qui partager de bons moments, \u00e9crivez moi! : Merci \u00e0 tous ceux qui ont particip\u00e9 \u00e0 cette incroyable mar\u00e9e de cr\u00e9ativit\u00e9 et surtout continuez!<\/p>\n","protected":false},"excerpt":{"rendered":"<p>rencontre femme de tenes<\/p>\n","protected":false},"author":1,"featured_media":0,"comment_status":"closed","ping_status":"closed","sticky":false,"template":"","format":"standard","meta":{"neve_meta_sidebar":"","neve_meta_container":"","neve_meta_enable_content_width":"","neve_meta_content_width":0,"neve_meta_title_alignment":"","neve_meta_author_avatar":"","neve_post_elements_order":"","neve_meta_disable_header":"","neve_meta_disable_footer":"","neve_meta_disable_title":""},"categories":[1],"tags":[],"_links":{"self":[{"href":"http:\/\/lars-decker.de\/blogs\/wp-json\/wp\/v2\/posts\/2532"}],"collection":[{"href":"http:\/\/lars-decker.de\/blogs\/wp-json\/wp\/v2\/posts"}],"about":[{"href":"http:\/\/lars-decker.de\/blogs\/wp-json\/wp\/v2\/types\/post"}],"author":[{"embeddable":true,"href":"http:\/\/lars-decker.de\/blogs\/wp-json\/wp\/v2\/users\/1"}],"replies":[{"embeddable":true,"href":"http:\/\/lars-decker.de\/blogs\/wp-json\/wp\/v2\/comments?post=2532"}],"version-history":[{"count":1,"href":"http:\/\/lars-decker.de\/blogs\/wp-json\/wp\/v2\/posts\/2532\/revisions"}],"predecessor-version":[{"id":2533,"href":"http:\/\/lars-decker.de\/blogs\/wp-json\/wp\/v2\/posts\/2532\/revisions\/2533"}],"wp:attachment":[{"href":"http:\/\/lars-decker.de\/blogs\/wp-json\/wp\/v2\/media?parent=2532"}],"wp:term":[{"taxonomy":"category","embeddable":true,"href":"http:\/\/lars-decker.de\/blogs\/wp-json\/wp\/v2\/categories?post=2532"},{"taxonomy":"post_tag","embeddable":true,"href":"http:\/\/lars-decker.de\/blogs\/wp-json\/wp\/v2\/tags?post=2532"}],"curies":[{"name":"wp","href":"https:\/\/api.w.org\/{rel}","templated":true}]}}