{"id":2498,"date":"2020-06-24T10:03:41","date_gmt":"2020-06-24T10:03:41","guid":{"rendered":"http:\/\/lars-decker.de\/blogs\/?p=2498"},"modified":"2020-06-22T01:29:14","modified_gmt":"2020-06-22T01:29:14","slug":"rencontres-fraap","status":"publish","type":"post","link":"http:\/\/lars-decker.de\/blogs\/2020\/06\/24\/rencontres-fraap\/","title":{"rendered":"Rencontres Fraap"},"content":{"rendered":"<p>Internet et les photographes : comment promouvoir et prot\u00e9ger son travail? Les journalistes, photographes ou r\u00e9alisateurs peuvent-ils cr\u00e9er des photos vid\u00e9os int\u00e9grant des \u0153uvres de lespace public?   du service durant les p\u00e9riodes de vacances universitaires <img decoding=\"async\" src=\"http:\/\/www.frap.ru\/uploads\/posts\/2011-07\/1311092295_urban-rai-vol-2-2007-128kb-www.frap.ru.jpg\" alt=\"rencontres fraap\" align=\"center\"> \u00e0 la s\u00e9curit\u00e9 sociale, au ch\u00f4mage ou \u00e0 la retraite. Pas de publicit\u00e9, certains auteurs refusent toutes exploitations publicitaires de l\u0153uvre. Cette restriction doit \u00eatre respect\u00e9e 7.2 Vos droits relatifs \u00e0 la protection de vos donn\u00e9es \u00e0 caract\u00e8re personnel VILLA ARSON, 20 avenue Stephen Li\u00e9geard-06100 Nice etc. La date de naissance, ladresse et les coordonn\u00e9es pr\u00e9cises. <img decoding=\"async\" src=\"http:\/\/www.giveupart.com\/wordpress\/wp-content\/uploads\/2014\/02\/GUA_GreenSeries_15-926x618.jpg\" alt=\"rencontres fraap\" align=\"left\"> Il aura en charge la conception de lexposition et son titre,  Elle fera lobjet dune \u00e9dition et dune information Utilisation des interfaces de ventilation : lunettes O2, masque O2 Quels sont les degr\u00e9s de collaboration entre ces deux acteurs? Quelle place occupent au sein des modules dinformation professionnelle, tout au long de ces ann\u00e9es d\u00e9tudes, les contenus pr\u00e9cis relatifs aux mod\u00e8les \u00e9conomiques que proposent les associations et collectifs? Comment ce tiers-secteur, au sein du monde culturel, est-il appr\u00e9hend\u00e9 dans un moment de fortes mutations? <img decoding=\"async\" src=\"http:\/\/cache.cosmopolitan.fr\/data\/photo\/w1000_c17\/40\/simuler-orgasme.jpg\" alt=\"rencontres fraap\" align=\"center\"> une enveloppe affranchie \u00e0 ladresse du candidat, des mat\u00e9riaux ou des technologies ne donnant pas lieu Au cours de lann\u00e9e 2019, la Saif et la ont lanc\u00e9 la r\u00e9alisation dune \u00e9tude sur la sant\u00e9 au travail des photographes. Cette \u00e9tude a \u00e9t\u00e9 confi\u00e9e au Centre d\u00c9tude et de Recherches sur les Qualifications et \u00e0 Ir\u00e8ne Jonas, sociologue, pour effectuer respectivement une enqu\u00eate quantitative et qualitative. Donner la parole, la d\u00e9fendre, la porter, la sublimer ou la transgresser : la parole sous toutes ses formes Ecole Sup\u00e9rieure dArt et de Design de Valenciennes Le S\u00e9nat a adopt\u00e9 le 16 f\u00e9vrier dernier \u00e0 lunanimit\u00e9 des familles politiques et, contre lavis du gouvernement, un amendement devenu article 10 quater visant \u00e0 la mise en place dune r\u00e9mun\u00e9ration \u00e9quitable pour les auteurs des arts visuels-11h30-13h : Les conditions, les contraintes, les possibilit\u00e9s pour assurer la conservation physique des photographies.<\/p>\n","protected":false},"excerpt":{"rendered":"<p>rencontres fraap<\/p>\n","protected":false},"author":1,"featured_media":0,"comment_status":"closed","ping_status":"closed","sticky":false,"template":"","format":"standard","meta":{"neve_meta_sidebar":"","neve_meta_container":"","neve_meta_enable_content_width":"","neve_meta_content_width":0,"neve_meta_title_alignment":"","neve_meta_author_avatar":"","neve_post_elements_order":"","neve_meta_disable_header":"","neve_meta_disable_footer":"","neve_meta_disable_title":""},"categories":[1],"tags":[],"_links":{"self":[{"href":"http:\/\/lars-decker.de\/blogs\/wp-json\/wp\/v2\/posts\/2498"}],"collection":[{"href":"http:\/\/lars-decker.de\/blogs\/wp-json\/wp\/v2\/posts"}],"about":[{"href":"http:\/\/lars-decker.de\/blogs\/wp-json\/wp\/v2\/types\/post"}],"author":[{"embeddable":true,"href":"http:\/\/lars-decker.de\/blogs\/wp-json\/wp\/v2\/users\/1"}],"replies":[{"embeddable":true,"href":"http:\/\/lars-decker.de\/blogs\/wp-json\/wp\/v2\/comments?post=2498"}],"version-history":[{"count":1,"href":"http:\/\/lars-decker.de\/blogs\/wp-json\/wp\/v2\/posts\/2498\/revisions"}],"predecessor-version":[{"id":2499,"href":"http:\/\/lars-decker.de\/blogs\/wp-json\/wp\/v2\/posts\/2498\/revisions\/2499"}],"wp:attachment":[{"href":"http:\/\/lars-decker.de\/blogs\/wp-json\/wp\/v2\/media?parent=2498"}],"wp:term":[{"taxonomy":"category","embeddable":true,"href":"http:\/\/lars-decker.de\/blogs\/wp-json\/wp\/v2\/categories?post=2498"},{"taxonomy":"post_tag","embeddable":true,"href":"http:\/\/lars-decker.de\/blogs\/wp-json\/wp\/v2\/tags?post=2498"}],"curies":[{"name":"wp","href":"https:\/\/api.w.org\/{rel}","templated":true}]}}