{"id":2490,"date":"2020-06-24T13:51:52","date_gmt":"2020-06-24T13:51:52","guid":{"rendered":"http:\/\/lars-decker.de\/blogs\/?p=2490"},"modified":"2020-06-22T01:22:19","modified_gmt":"2020-06-22T01:22:19","slug":"rencontre-chretienne-evangelique-gratuit","status":"publish","type":"post","link":"http:\/\/lars-decker.de\/blogs\/2020\/06\/24\/rencontre-chretienne-evangelique-gratuit\/","title":{"rendered":"Rencontre Chretienne Evangelique Gratuit"},"content":{"rendered":"<p>Si lon inclut les pentec\u00f4tistes, on dispose alors de deux estimations : Face \u00e0 l\u00e9volution de la situation sanitaire ce week-end du 7 et 8 mars, suivant les instructions des autorit\u00e9s comp\u00e9tentes, les EDC ont d\u00e9cid\u00e9 de reporter les Assises Nationales initialement pr\u00e9vues du 20 au 22 En savoir plus Acc\u00e9der \u00e0 lagenda <img decoding=\"async\" src=\"http:\/\/cdn-femina.ladmedia.fr\/var\/femina\/storage\/images\/actualites\/mick-jagger-lumiere-sur-son-aventure-avec-carla-bruni\/4121726-1-fre-FR\/Mick-Jagger-lumiere-sur-son-aventure-avec-Carla-Bruni_news_visuel.jpg\" alt=\"rencontre chretienne evangelique gratuit\" align=\"right\"> <img decoding=\"async\" src=\"http:\/\/resize.over-blog.com\/400x260-ct.jpg?http:\/\/img.over-blog.com\/1\/22\/56\/93\/Positive-Synergy.jpg\" alt=\"rencontre chretienne evangelique gratuit\" align=\"center\"> Le 6 avril 2019, lors de la Rencontre g\u00e9n\u00e9rale de la FREE, Philippe Thueler, Secr\u00e9taire g\u00e9n\u00e9ral de la F\u00e9d\u00e9ration, a annonc\u00e9 officiellement le partenariat entre la Ligue et la FREE pour la formation et le coaching des \u00e9glises pour ce minist\u00e8re. Coronavirus : le pasteur de lEglise \u00e9vang\u00e9lique de Lonay en quarantaine pr\u00e9ventive via une personne de retour de la Porte ouverte \u00e0 Mulhouse Et trouvez la personne qui vous correspond le mieux  Tout comme le travail des tailleurs est de fabriquer des habits, et le travail des cordonniers des souliers, le travail des chr\u00e9tiens est de prier. On attribue ces propos au R\u00e9formateur Martin Luther. Ce num\u00e9ro de Ressources se penche aujourdhui sur ce travail \u00e9trange et non productif de la pri\u00e8re. Copyright 2006-2020 IKTOOS-tous droits r\u00e9serv\u00e9s-contactiktoos.com Pour accomplir sa mission dinformation de fa\u00e7on professionnelle et ind\u00e9pendante, Alliance Presse d\u00e9pend de la g\u00e9n\u00e9rosit\u00e9 de celles et ceux qui appr\u00e9cient ses magazines. Muriel Gomez-Perez et Marie Nathalie LeBlanc, LAfrique des g\u00e9n\u00e9rations: entre tensions et n\u00e9gociations, KARTHALA Editions, France, 2012, p. 501 Les \u00e9glises du utilisent souvent le terme non d\u00e9nominationnel pour se d\u00e9finir. En Ira Basen, sur le site de, 15 mars 2013 consult\u00e9 le 13 avril 2018 Mardi 9 juin \u00e0 20h50 sur Arte ou du 8 juin au 8 juillet sur artetv.fr  Surtout que les plaisantins ne viennent pas me faire perdre mon temps. Cest du s\u00e9rieux ici! JAIMERAIS FAIRE LA RENCONTRE DUNE JEUNE FEMME PIEUSE,HONN\u00caTE INT\u00c8GRE ET HUMANISTE COMME MOI PEU IMPORTE LENDROIT O\u00d9 L\u00c2GE, POUR UNE RENCONTRE SENTIMENTALE SINC\u00c8RE,S\u00c9RIEUSE VOIR PLUS. Jonathan Peterschmitt, m\u00e9decin g\u00e9n\u00e9raliste et fils du pasteur principal, a lui-m\u00eame \u00e9t\u00e9 contamin\u00e9. Il a eu loccasion de parler de mani\u00e8re sereine de son confinement le 3 mars et le 4 mars sur. Bonjour je suis Gilles je recherche quelqune de serieuse jai 49 ans de nationalit\u00e9 mauricien mon adresse mail jemigracy141gmail.com cherche homme de 37 \u00e0 45 ans chretien pour vie de couple, fonder une famille, mariage. Le concept de la limite selon Jacques Ellul-PASCAL DELOCHE GODONG  Lexistence dun site de rencontre chr\u00e9tien \u00e9vang\u00e9lique peut sembler un peu bizarre \u00e0 premi\u00e8re vue, en effet, on a tendance \u00e0 penser que les gens religieux ne sont pas tr\u00e8s dupe pour ce genre de rencontres, et pourtant, vous allez voir que non seulement il existe un site de rencontre pour les chr\u00e9tien, mais aussi, quil est d une excellente qualit\u00e9. Retrouvez les t\u00e9moignages de c\u00e9libataires et de couples chr\u00e9tiens. Partagez le bonheur de leurs rencontres sur notre site de rencontre chr\u00e9tien Theotokos.fr : 11 ans dexp\u00e9rience, 120 sorties pour c\u00e9libataires chr\u00e9tiens par an, 200 000 c\u00e9llibataires catholiques et protestants nous ont fait confiance! <img decoding=\"async\" src=\"http:\/\/s1.edi-static.fr\/Img\/BREVE\/2014\/7\/244272\/Symbole-international-sourds-malentendants-F1.jpg\" alt=\"rencontre chretienne evangelique gratuit\" align=\"center\"> William H. Brackney, Historical Dictionary of the Baptists, Scarecrow Press, USA, 2009, p. 61 Comment nous trouver? par la route, en train, en bus.<\/p>\n","protected":false},"excerpt":{"rendered":"<p>rencontre chretienne evangelique gratuit<\/p>\n","protected":false},"author":1,"featured_media":0,"comment_status":"closed","ping_status":"closed","sticky":false,"template":"","format":"standard","meta":{"neve_meta_sidebar":"","neve_meta_container":"","neve_meta_enable_content_width":"","neve_meta_content_width":0,"neve_meta_title_alignment":"","neve_meta_author_avatar":"","neve_post_elements_order":"","neve_meta_disable_header":"","neve_meta_disable_footer":"","neve_meta_disable_title":""},"categories":[1],"tags":[],"_links":{"self":[{"href":"http:\/\/lars-decker.de\/blogs\/wp-json\/wp\/v2\/posts\/2490"}],"collection":[{"href":"http:\/\/lars-decker.de\/blogs\/wp-json\/wp\/v2\/posts"}],"about":[{"href":"http:\/\/lars-decker.de\/blogs\/wp-json\/wp\/v2\/types\/post"}],"author":[{"embeddable":true,"href":"http:\/\/lars-decker.de\/blogs\/wp-json\/wp\/v2\/users\/1"}],"replies":[{"embeddable":true,"href":"http:\/\/lars-decker.de\/blogs\/wp-json\/wp\/v2\/comments?post=2490"}],"version-history":[{"count":1,"href":"http:\/\/lars-decker.de\/blogs\/wp-json\/wp\/v2\/posts\/2490\/revisions"}],"predecessor-version":[{"id":2491,"href":"http:\/\/lars-decker.de\/blogs\/wp-json\/wp\/v2\/posts\/2490\/revisions\/2491"}],"wp:attachment":[{"href":"http:\/\/lars-decker.de\/blogs\/wp-json\/wp\/v2\/media?parent=2490"}],"wp:term":[{"taxonomy":"category","embeddable":true,"href":"http:\/\/lars-decker.de\/blogs\/wp-json\/wp\/v2\/categories?post=2490"},{"taxonomy":"post_tag","embeddable":true,"href":"http:\/\/lars-decker.de\/blogs\/wp-json\/wp\/v2\/tags?post=2490"}],"curies":[{"name":"wp","href":"https:\/\/api.w.org\/{rel}","templated":true}]}}