{"id":2488,"date":"2020-06-24T02:24:24","date_gmt":"2020-06-24T02:24:24","guid":{"rendered":"http:\/\/lars-decker.de\/blogs\/?p=2488"},"modified":"2020-06-22T01:20:24","modified_gmt":"2020-06-22T01:20:24","slug":"resume-du-livre-christiane-f-13-ans-droguee-prostituee","status":"publish","type":"post","link":"http:\/\/lars-decker.de\/blogs\/2020\/06\/24\/resume-du-livre-christiane-f-13-ans-droguee-prostituee\/","title":{"rendered":"Resum\u00e9 Du Livre Christiane F 13 Ans Drogu\u00e9e Prostitu\u00e9e"},"content":{"rendered":"<p>Moi je dois lire ce livre pour mon TPE en premi\u00e8re ES!! <img decoding=\"async\" src=\"http:\/\/www.durrantgs.tk\/wp-content\/uploads\/2018\/07\/prostitution-espagne-pinto-533x261.png\" alt=\"resum\u00e9 du livre christiane f 13 ans drogu\u00e9e prostitu\u00e9e\" align=\"left\"> Champs obligatoires. Adresse email visible uniquement par lauteur du blog.  Lu qd j\u00e9tais pre-ado presque trop jeune, tr\u00e8s marqu\u00e9e aussi. Cet article dans Le Monde retrace la vie de Christiane tout en beaut\u00e9 : Les d\u00e9pendances physiques et psychologiques sont tr\u00e8s bien exprim\u00e9es ce nest pas une faiblesse, ils ne savent plus exister autrement <img decoding=\"async\" src=\"http:\/\/i.skyrock.net\/0345\/53880345\/pics\/2177251753_small_2.jpg\" alt=\"resum\u00e9 du livre christiane f 13 ans drogu\u00e9e prostitu\u00e9e\" align=\"right\"> Aucun avis, veuillez vous identifier pour ajouter le v\u00f4tre! Le livre fut adapt\u00e9 \u00e0 l\u00e9cran en 1981. Gr\u00e2ce au film, la discoth\u00e8que Sound, o\u00f9 se sont pass\u00e9es de nombreuses sc\u00e8nes, a \u00e9t\u00e9 connue du monde LIEGE-Biblioth\u00e8que de Saint-Remacle en Amercoeur Elle d\u00e9croche plusieurs fois pour replonger tr\u00e8s vite. Le livre de toute une generation, tout le monde devrait le lire et personne nen sortira imdemne&#8230;, Directeur de publication, r\u00e9dacteur en chef ;, Auteur ;, Auteur cest un des premiers livres que jai lu.javais dans les 12 ans je crois.il ma boulevers\u00e9!! cest un de ces livres quon lit et relit sans sen lasser.jaimerais beaucoup savoir ce quelle est devenue Pour conserver le pr\u00e9c\u00e9dent brouillon, cliquez sur annuler. BREF, lisez ce livre si ce nest pas d\u00e9j\u00e0 fait il en vaut le d\u00e9tour, croyez moi! Cest une histoire tr\u00e8s touchante qui vaut la peine d\u00eatre connu. Si vous en avez la chance, essayez de trouver le livre des \u00e9ditons Lacombe, celui avec les images en noirs et blancs au centre. Ce sont de vrais photos de lentourage de Christiane et du milieu dans lequel elle \u00e9tait Bouleversant. \u00c0 quatorze ans Christiane, qui sadonnait d\u00e9j\u00e0 \u00e0 lh\u00e9ro\u00efne, se prostituait sur le Kinderstrich zone des enfants dans la gare berlinoise du  Film \u00e2pre, violent et terriblement triste..Inspir\u00e9 du best seller qui retrace lhistoire vraie dune gamine berlinoise qui va connaitre la pire descente aux enfers qui soit..Laddiction \u00e0 lh\u00e9ro\u00efne, la prostitution pour se payer sa came..ce film est sombre, glauque, ignoble, r\u00e9aliste et \u00e7a fait froid dans le dos! Ca me fera la m\u00eame chose \u00e0 chaque fois..indispensable \u00e0 voir et \u00e0 montrer \u00e0 tous! Jai vu le film. Triste histoire. Horrible m\u00eame. Christiane a connu une longue d\u00e9ch\u00e9ance.  Descente aux enfers percutante qui nous vrille dune sourde angoisse, Moi, Christiane F..13 ans, drogu\u00e8e et prostitu\u00e8e est un film dur mais admirable! Admirable parce quil montre dans ses meilleurs moments et dans une terrible intensit\u00e8, comment une jeune ado berlinoise se prostitue pour payer sa drogue! Dun livre puissant qui connut un retentissement sans pr\u00e8c\u00e8dent en France et dans toute lEurope, le cin\u00e8aste Uli Edel en a fait une.. Elles seront \u00e9galement utilis\u00e9es sous r\u00e9serve des options souscrites, \u00e0 des fins de ciblage publicitaire. Christiane vit avec sa m\u00e8re et sa soeur. Ses parents ont divorc\u00e9. Christiane ne voit plus son p\u00e8re. Labsence du paternel dans ce petit appartement exigu de Berlin se fait furieusement sentir. Jusquau jour o\u00f9 la soeur de Christiane quitte le foyer pour rejoindre celui du patriarche. Pour Christiane, ce d\u00e9part soudain et impromptu signe sa longue d\u00e9r\u00e9liction en enfer. Verl\u00e4sslich, sorgsam und liebevoll mit ihrem Sohn umgegangen. Voila, jaimerait savoir ce quest devenu Detlev? Nuku hyvin. Kaikki laadukkaat TEMPUR-tuotteet saat meilt\u00e4. Tout mest tellement \u00e9gal que m\u00eame \u00e7a ne me d\u00e9goute plus. <img decoding=\"async\" src=\"http:\/\/img.over-blog-kiwi.com\/0\/75\/57\/17\/201312\/ob_e0e1e23676da240c223646102465fad4_affich10.jpg\" alt=\"resum\u00e9 du livre christiane f 13 ans drogu\u00e9e prostitu\u00e9e\" align=\"right\">.<\/p>\n","protected":false},"excerpt":{"rendered":"<p>resum\u00e9 du livre christiane f 13 ans drogu\u00e9e prostitu\u00e9e<\/p>\n","protected":false},"author":1,"featured_media":0,"comment_status":"closed","ping_status":"closed","sticky":false,"template":"","format":"standard","meta":{"neve_meta_sidebar":"","neve_meta_container":"","neve_meta_enable_content_width":"","neve_meta_content_width":0,"neve_meta_title_alignment":"","neve_meta_author_avatar":"","neve_post_elements_order":"","neve_meta_disable_header":"","neve_meta_disable_footer":"","neve_meta_disable_title":""},"categories":[1],"tags":[],"_links":{"self":[{"href":"http:\/\/lars-decker.de\/blogs\/wp-json\/wp\/v2\/posts\/2488"}],"collection":[{"href":"http:\/\/lars-decker.de\/blogs\/wp-json\/wp\/v2\/posts"}],"about":[{"href":"http:\/\/lars-decker.de\/blogs\/wp-json\/wp\/v2\/types\/post"}],"author":[{"embeddable":true,"href":"http:\/\/lars-decker.de\/blogs\/wp-json\/wp\/v2\/users\/1"}],"replies":[{"embeddable":true,"href":"http:\/\/lars-decker.de\/blogs\/wp-json\/wp\/v2\/comments?post=2488"}],"version-history":[{"count":1,"href":"http:\/\/lars-decker.de\/blogs\/wp-json\/wp\/v2\/posts\/2488\/revisions"}],"predecessor-version":[{"id":2489,"href":"http:\/\/lars-decker.de\/blogs\/wp-json\/wp\/v2\/posts\/2488\/revisions\/2489"}],"wp:attachment":[{"href":"http:\/\/lars-decker.de\/blogs\/wp-json\/wp\/v2\/media?parent=2488"}],"wp:term":[{"taxonomy":"category","embeddable":true,"href":"http:\/\/lars-decker.de\/blogs\/wp-json\/wp\/v2\/categories?post=2488"},{"taxonomy":"post_tag","embeddable":true,"href":"http:\/\/lars-decker.de\/blogs\/wp-json\/wp\/v2\/tags?post=2488"}],"curies":[{"name":"wp","href":"https:\/\/api.w.org\/{rel}","templated":true}]}}