{"id":2486,"date":"2020-06-24T14:41:08","date_gmt":"2020-06-24T14:41:08","guid":{"rendered":"http:\/\/lars-decker.de\/blogs\/?p=2486"},"modified":"2020-06-22T01:20:09","modified_gmt":"2020-06-22T01:20:09","slug":"cirm-rencontre-2013","status":"publish","type":"post","link":"http:\/\/lars-decker.de\/blogs\/2020\/06\/24\/cirm-rencontre-2013\/","title":{"rendered":"Cirm Rencontre 2013"},"content":{"rendered":"<p>F\u00e9vrier 2016-S\u00e9minaire Alg\u00e8bre et G\u00e9om\u00e9tries. Institut Fourier, Grenoble. Ecole dEt\u00e9 CEA-EDF-INRIA,centre de s\u00e9minaires Port-Royal de Saint-Lambert-des-Bois 78.-Maths Physics Young Researchers Meeting, \u00e0 Paris-Jean-Pierre Labesse : septembre 1995 ao\u00fbt 2000  PICOF 2018 : Inverse Problems, Control and Shape Optimization, \u00e0 Beirut Liban-Ces journ\u00e9es se sont d\u00e9roul\u00e9es au CIRM \u00e0 Marseille du 21 au 24 mai 2013 <img decoding=\"async\" src=\"http:\/\/kjorlbingwine.gq\/wp-content\/uploads\/2017\/08\/Capture-d%E2%80%99%C3%A9cran-2017-09-01-%C3%A0-08.42.12.png\" alt=\"cirm rencontre 2013\" align=\"right\"> Mars 2014-S\u00e9minaire Alg\u00e8bre Dynamique et Topologie. I2M, Marseille. 8 et 9 F\u00e9vrier 2011, Paris, \u00c9cole Polytechnique et Jussieu  <img decoding=\"async\" src=\"http:\/\/subject.serenitynowmassagetherapy.com\/img\/400\/5a5613cdc1c82-emploi-cherche-couvreur-couvreur-soc-saint-ouen-marchefroy-28260-centre-val-de-loire-1-400.jpg\" alt=\"cirm rencontre 2013\" align=\"right\"> Equations de la mecanique des fluides: analyse, analyse spectrale, methodes numeriques, simulation, \u00e0 lIHP \u00e0 Paris-Deuxi\u00e8mes Ecoles sur les Equations Diff\u00e9rentielles, Universit\u00e9 de Jijel Alg\u00e9rie-Statistics and Modeling for complex data, \u00e0 Marne-la-Vall\u00e9e-2011-2013 : cr\u00e9ation et enseignement du s\u00e9minaire des syst\u00e8mes dynamiques pour les \u00e9tudiants \u00e0 la facult\u00e9 de math\u00e9matiques et m\u00e9canique, Universit\u00e9 d\u00c9tat de Moscou Lomonossov  Ce stage s\u00e9minaire se d\u00e9roulera dans les locaux du CIRM \u00e0 Luminy Mod\u00e9lisation stochastique et analyse statistique en biologie, \u00e0 Tours-A Antananarivo, aucun nouveau cas na \u00e9t\u00e9 comptabilis\u00e9 sur les deux cent-treize 213 tests virologiques r\u00e9alis\u00e9s lundi dernier, par lInstitut Pasteur de Madagascar IPM et le Centre dinfectiologie Charles M\u00e9rieux CICM dAnkatso. Avec les nouveaux cas de Toamasina, le nombre des cas confirm\u00e9s au pays est de cent quatre-vingt-douze 192 depuis le 19 mars jusqu\u00e0 lundi, selon le dernier bilan. <img decoding=\"async\" src=\"http:\/\/math.univ-lyon1.fr\/homes-www\/aubrun\/cirm\/hiking.png\" alt=\"cirm rencontre 2013\" align=\"right\">.<\/p>\n","protected":false},"excerpt":{"rendered":"<p>cirm rencontre 2013<\/p>\n","protected":false},"author":1,"featured_media":0,"comment_status":"closed","ping_status":"closed","sticky":false,"template":"","format":"standard","meta":{"neve_meta_sidebar":"","neve_meta_container":"","neve_meta_enable_content_width":"","neve_meta_content_width":0,"neve_meta_title_alignment":"","neve_meta_author_avatar":"","neve_post_elements_order":"","neve_meta_disable_header":"","neve_meta_disable_footer":"","neve_meta_disable_title":""},"categories":[1],"tags":[],"_links":{"self":[{"href":"http:\/\/lars-decker.de\/blogs\/wp-json\/wp\/v2\/posts\/2486"}],"collection":[{"href":"http:\/\/lars-decker.de\/blogs\/wp-json\/wp\/v2\/posts"}],"about":[{"href":"http:\/\/lars-decker.de\/blogs\/wp-json\/wp\/v2\/types\/post"}],"author":[{"embeddable":true,"href":"http:\/\/lars-decker.de\/blogs\/wp-json\/wp\/v2\/users\/1"}],"replies":[{"embeddable":true,"href":"http:\/\/lars-decker.de\/blogs\/wp-json\/wp\/v2\/comments?post=2486"}],"version-history":[{"count":1,"href":"http:\/\/lars-decker.de\/blogs\/wp-json\/wp\/v2\/posts\/2486\/revisions"}],"predecessor-version":[{"id":2487,"href":"http:\/\/lars-decker.de\/blogs\/wp-json\/wp\/v2\/posts\/2486\/revisions\/2487"}],"wp:attachment":[{"href":"http:\/\/lars-decker.de\/blogs\/wp-json\/wp\/v2\/media?parent=2486"}],"wp:term":[{"taxonomy":"category","embeddable":true,"href":"http:\/\/lars-decker.de\/blogs\/wp-json\/wp\/v2\/categories?post=2486"},{"taxonomy":"post_tag","embeddable":true,"href":"http:\/\/lars-decker.de\/blogs\/wp-json\/wp\/v2\/tags?post=2486"}],"curies":[{"name":"wp","href":"https:\/\/api.w.org\/{rel}","templated":true}]}}