{"id":2468,"date":"2020-06-24T17:37:33","date_gmt":"2020-06-24T17:37:33","guid":{"rendered":"http:\/\/lars-decker.de\/blogs\/?p=2468"},"modified":"2020-06-22T01:07:45","modified_gmt":"2020-06-22T01:07:45","slug":"prostituees-albi","status":"publish","type":"post","link":"http:\/\/lars-decker.de\/blogs\/2020\/06\/24\/prostituees-albi\/","title":{"rendered":"Prostitu\u00e9es Albi"},"content":{"rendered":"<p>Fabricant de convoyeurs sur-mesure et de bandes transporteuses pour le secteur industriel, Benne SA resserre sa production vers les secteurs strat\u00e9giques. Au c\u0153ur de la crise du..  dabord, il a \u00e9t\u00e9 expos\u00e9 que latteinte \u00e0 la moralit\u00e9 publique ne pouvait r\u00e9f\u00e8re aux dires des riverains, il y aurait de nombreuses bagarres et troubles Entreprise historique install\u00e9e \u00e0 Beaumont-de-Lomagne, Jardins du Midi est sp\u00e9cialis\u00e9e dans le commerce dail, doignon et d\u00e9chalote. Depuis janvier, cest aussi la marque.. Arr\u00eat 16BX02889 21 juin 2018 3\u00e8me chambre COMMUNE DALBI Yolande son pr\u00e9nom a \u00e9t\u00e9 chang\u00e9 veut passer une retraite tranquille. Depuis un an, elle a d\u00e9cid\u00e9 de sinstaller dans une jolie et nouvelle r\u00e9sidence du boulevard Lacombe, \u00e0 Albi. Une femme tranquille, qui a opt\u00e9 pour ce lieu de vie pour pouvoir rester en ville, ne pas prendre trop souvent la voiture, faire ses courses \u00e0 pied, profiter de sa petite fille. Sorry, you have been blocked You are unable to access routard.com Bonjour, Je recherche une femme qui a besoin de tendresse c\u00e2lins amour age et situation indif pour relation suivie. Secteur Toulouse jusqu\u00e0 Montauban Au Salon de la rue des Moulins est lune de ses \u0153uvres majeures. Elle a \u00e9t\u00e9 r\u00e9alis\u00e9 dans latelier du peintre mais \u00e0 partir de nombreuses \u00e9tudes sur le vif. On y voit des prostitu\u00e9es tranquilles, presque hors du temps, dans une attente passive, et on y per\u00e7oit le luxe \u00e9touffant de cet espace clos. La Fleur Blanche Ce qui fait d\u00e9bat sur la Promenade in Nice-Matin, 19012018 <img decoding=\"async\" src=\"http:\/\/marioncadillac.fr\/wp-content\/uploads\/2018\/03\/logo-mc-marion-cadillac-1.png\" alt=\"prostitu\u00e9es albi\" align=\"left\"> Ce jour-l\u00e0, ily avait au programme une visite sur la cit\u00e9 \u00e9piscopale incluant la d\u00e9couverte de la cath\u00e9drale. Cette visite guid\u00e9e \u00e9tait un excellent moyen pour d\u00e9couvrir les principaux centre dint\u00e9r\u00eat dAlbi en peu de temps et couvrait toute la partie de la ville class\u00e9e au Patrimoine mondiale de lUNESCO. Nous avons pu apprendre \u00e9norm\u00e9ment de choses sur lhistoire de la ville, c\u00e9tait passionnant. En raison de son physique difficile, presque difforme, Lautrec ne sautorise \u00e0 fr\u00e9quenter que des prostitu\u00e9es. Il ne se sent pas jug\u00e9, pas plus quil ne juge ces femmes r\u00e9put\u00e9es de mauvaise vie. Le monde des maisons closes devient lun de ses th\u00e8mes de pr\u00e9dilection dans les ann\u00e9es 1890, m\u00eame sil ne peut exposer librement ses \u0153uvres, estim\u00e9es trop scandaleuses. Lautrec finit par contracter la syphilis, qui sera avec lalcoolisme \u00e0 lorigine de son d\u00e9c\u00e8s pr\u00e9coce \u00e0 l\u00e2ge de 36 ans, en 1901. La cause appel\u00e9e par lhuissier de service, le greffier a donn\u00e9 lecture dun proc\u00e8s-verbal dress\u00e9 par M. Le Commissaire de police de Balade photo \u00e0 Albi, la belle cathare Balade photo \u00e0 Albi, la belle cathare Attentif aux visages dont il scrute la physionomie, Lautrec propose de r\u00e9els portraits en individualisant les traits des visages. Tout le monde ne peut partager le m\u00eame plaisir.. Et retrouvez nos dossiers tous les trimestres en kiosque dans notre magazine papier. Disponible \u00e9galement en version numerique au num\u00e9ro sur Toul\u00e9co Boutique  <img decoding=\"async\" src=\"http:\/\/www.ecla-albi.net\/wp-content\/uploads\/2015\/02\/logo.png\" alt=\"prostitu\u00e9es albi\" align=\"center\">  Lautre \u00e9norme structure de la ville, cest le. Lancienne r\u00e9sidence des \u00e9v\u00eaques est tout \u00e0 c\u00f4t\u00e9 de la cath\u00e9drale l\u00e9v\u00eaque pouvait sy r\u00e9fugier tr\u00e8s rapidement en cas dattaque mais les temps se sont adoucis et de r\u00e9sidence militaire, le palais devient plus pacifique. Depuis une plateforme, on peut apercevoir les superbes jardins du Palais et le Tarn, le fleuve qui traverse Albi Ses eaux bleus-vertes ont lair de rire sous le soleil et \u00e7a me donne une folle envie daller my baigner! Mais pour le moment, cest plut\u00f4t un bain de culture qui mattend! L\u00e9galit\u00e9 dun arr\u00eat\u00e9 anti-prostitution \u00e0 Albi in La Semaine juridique-administrations et collectivit\u00e9s territoriales, N27 09072018 \u0394\u03c9\u03c1\u03b5\u03ac\u03bd \u03bc\u03b5\u03c4\u03b1\u03c6\u03bf\u03c1\u03b9\u03ba\u03ac \u03b3\u03b9\u03b1 \u03c0\u03b1\u03c1\u03b1\u03b3\u03b3\u03b5\u03bb\u03af\u03b5\u03c2 \u03c3\u03c4\u03c1\u03c9\u03bc\u03b1 \u03b3\u03b9\u03b1 \u03c0\u03b1\u03c1\u03ba\u03bf\u03ba\u03c1\u03b5\u03b2\u03b1\u03c4\u03bf \u03ac\u03bd\u03c9 \u03c4\u03c9\u03bd 60 \u03b5\u03bd\u03c4\u03cc\u03c2 \u0391\u03c4\u03c4\u03b9\u03ba\u03ae\u03c2! \u0395\u03be\u03b1\u03b9\u03c1\u03bf\u03cd\u03bd\u03c4\u03b1\u03b9 \u03c4\u03b1 \u03ba\u03b1\u03bb\u03ac\u03b8\u03b9\u03b1 \u03b4\u03b7\u03bc\u03bf\u03c4\u03b9\u03ba\u03bf\u03af \u03c0\u03b1\u03b9\u03b4\u03b9\u03ba\u03bf\u03af \u03c3\u03c4\u03b1\u03b8\u03bc\u03bf\u03af \u03b4\u03ae\u03bc\u03bf\u03c5 \u03b3\u03bb\u03c5\u03c6\u03ac\u03b4\u03b1\u03c2 \u039c\u03b1\u03bd\u03c9\u03bb\u03b9\u03ac\u03c3\u03b1\u03c2 2 <img decoding=\"async\" src=\"http:\/\/numerique-albi.fr\/wp-content\/uploads\/2018\/06\/36177063_1002407706593640_1413046456587124736_n.jpg\" alt=\"prostitu\u00e9es albi\" align=\"center\">.<\/p>\n","protected":false},"excerpt":{"rendered":"<p>prostitu\u00e9es albi<\/p>\n","protected":false},"author":1,"featured_media":0,"comment_status":"closed","ping_status":"closed","sticky":false,"template":"","format":"standard","meta":{"neve_meta_sidebar":"","neve_meta_container":"","neve_meta_enable_content_width":"","neve_meta_content_width":0,"neve_meta_title_alignment":"","neve_meta_author_avatar":"","neve_post_elements_order":"","neve_meta_disable_header":"","neve_meta_disable_footer":"","neve_meta_disable_title":""},"categories":[1],"tags":[],"_links":{"self":[{"href":"http:\/\/lars-decker.de\/blogs\/wp-json\/wp\/v2\/posts\/2468"}],"collection":[{"href":"http:\/\/lars-decker.de\/blogs\/wp-json\/wp\/v2\/posts"}],"about":[{"href":"http:\/\/lars-decker.de\/blogs\/wp-json\/wp\/v2\/types\/post"}],"author":[{"embeddable":true,"href":"http:\/\/lars-decker.de\/blogs\/wp-json\/wp\/v2\/users\/1"}],"replies":[{"embeddable":true,"href":"http:\/\/lars-decker.de\/blogs\/wp-json\/wp\/v2\/comments?post=2468"}],"version-history":[{"count":1,"href":"http:\/\/lars-decker.de\/blogs\/wp-json\/wp\/v2\/posts\/2468\/revisions"}],"predecessor-version":[{"id":2469,"href":"http:\/\/lars-decker.de\/blogs\/wp-json\/wp\/v2\/posts\/2468\/revisions\/2469"}],"wp:attachment":[{"href":"http:\/\/lars-decker.de\/blogs\/wp-json\/wp\/v2\/media?parent=2468"}],"wp:term":[{"taxonomy":"category","embeddable":true,"href":"http:\/\/lars-decker.de\/blogs\/wp-json\/wp\/v2\/categories?post=2468"},{"taxonomy":"post_tag","embeddable":true,"href":"http:\/\/lars-decker.de\/blogs\/wp-json\/wp\/v2\/tags?post=2468"}],"curies":[{"name":"wp","href":"https:\/\/api.w.org\/{rel}","templated":true}]}}