{"id":2408,"date":"2020-06-24T15:27:14","date_gmt":"2020-06-24T15:27:14","guid":{"rendered":"http:\/\/lars-decker.de\/blogs\/?p=2408"},"modified":"2020-06-22T00:09:51","modified_gmt":"2020-06-22T00:09:51","slug":"site-de-rencontre-plessisville","status":"publish","type":"post","link":"http:\/\/lars-decker.de\/blogs\/2020\/06\/24\/site-de-rencontre-plessisville\/","title":{"rendered":"Site De Rencontre Plessisville"},"content":{"rendered":"<p><img decoding=\"async\" src=\"http:\/\/www.erable.ca\/sites\/all\/files\/documents\/2015-10-20-01-47-11-cimdjexpress1.jpg\" alt=\"site de rencontre plessisville\" align=\"left\"> If difficulties persist, please contact the System Administrator of this site and report the error below. La ville de au lieu o\u00f9 se sont d\u00e9roul\u00e9es les apparitions, a plac\u00e9e la Vierge de F\u00e1tima dans son. \u00c0 noter que cette ville qui n\u00e9tait quun simple hameau d\u00e9pendant de la ville d jusquau d\u00e9but du, na obtenu le statut de commune autonome quapr\u00e8s une croissance rapide, li\u00e9e \u00e0 lafflux de p\u00e8lerins au, et au d\u00e9veloppement des structures daccueil. Centre daction b\u00e9n\u00e9vole Bellechasse-L\u00e9vis-Lotbini\u00e8re Plessisville : locations de vacances les mieux not\u00e9es <img decoding=\"async\" src=\"http:\/\/images.alinfini-mariage.fr\/cocktail\/creatif_paris\/2018\/CP18-09.jpg\" alt=\"site de rencontre plessisville\" align=\"left\">  <img decoding=\"async\" src=\"http:\/\/latramesonoredenosvies.ca\/medias\/3-1-g-partie-de-sucre-a-plessisville-g.jpg\" alt=\"site de rencontre plessisville\" align=\"right\"> commenc\u00e9 suite au d\u00e9c\u00e8s de mon p\u00e8re Gilles en f\u00e9vrier dernier. Nous lui avions du 11 au 14 mai 2010, le pape se rend au sanctuaire de F\u00e1tima o\u00f9 il pr\u00e9side les c\u00e9r\u00e9monies religieuses du 13 mai 2010 ; Nous avons d\u00e9couvert ce restaurant et lexp\u00e9rience fut tr\u00e8s agr\u00e9able. Je vous sugg\u00e8re de monter \u00e0 l\u00e9tage car le resto est compl\u00e8tement diff\u00e9rent. La carte est beaucoup plus \u00e9labor\u00e9e et le d\u00e9cor est nettement plus raffin\u00e9. Les mets sont excellents et le service impeccable Tr\u00e8s.. Plus VILLE DE PLESSISVILLE 2013a. R\u00e8glement 1593 relatif au programme daide financi\u00e8re Interventions sur les propri\u00e9t\u00e9s r\u00e9sidentielles et commerciales dans le centre-ville, adopt\u00e9 par le conseil municipal le 7 mai 2013 PDF. Secteur dactivit\u00e9 : Accompagnement-transport b\u00e9n\u00e9vole Gamme compl\u00e8te de produits et de services pour vos portes et fen\u00eatres Site de Rencontre et Chat 100 gratuit au Qu\u00e9bec! Vous poss\u00e9dez ou g\u00e9rez cet \u00e9tablissement? Prenez le contr\u00f4le de votre page pour r\u00e9pondre gratuitement aux avis, mettre \u00e0 jour votre page et bien plus encore. Cette distinction a \u00e9t\u00e9 cr\u00e9\u00e9e en 1049 par le pape.  Secteur dactivit\u00e9 : Accueil, Tout autre besoin b\u00e9n\u00e9vole Plessisville. LEncyclop\u00e9die Canadienne, 04 mars 2015, Historica Canada Https:www.thecanadianencyclopedia.cafrarticleplessisville. Date consult\u00e9: 13 juin 2020. JISSEN-KA\u00cf de PLESSISVILLE Dojo de la paix Ki-A\u00efkido-KA\u00ef Qu\u00e9bec Saint-Maurice-La F\u00eate des moissons qui avait lieu \u00e0 Saint-Maurice aux deux ans, d\u00e9m\u00e9nagera \u00e0 Plessisville paroisse sur la Ferme dautrefois, propri\u00e9t\u00e9 de Jean-Pierre Baril, o\u00f9 il semble quelle soit mieux re\u00e7ue et support\u00e9e que dans son village natal. Selon dans son dernier livre publi\u00e9 en 2006, tout le message sous-jacent aux apparitions de Notre-Dame de Fatima est le suivant et H\u00e9l\u00e8ne Ginabat, Le pape Fran\u00e7ois va consacrer le monde au C\u0153ur immacul\u00e9 de Marie, Z\u00e9nit, 16 ao\u00fbt 2013. Du CLD de L\u00c9rable dans la mise en place de l\u00e9v\u00e9nement et la participation Apr\u00e8s avoir d\u00e9couvert le petit secret de Plessisville, la p\u00eache en pleine ville, et rencontr\u00e9 tous les animaux inusit\u00e9s de la ville, Marie Denise est invit\u00e9e \u00e0 l\u00c9glise pour rencontrer des mentors plessisvillois. Accompagn\u00e9e de Dany, elle fera la rencontre de personnes extraordinaires et de plusieurs ensembles choraux qui interpr\u00e9teront une des chansons de la mentore de Marie Denise, Lucille Dumont. Et cest avec un rassemblement du plus grand nombre de gens aux cheveux de feu que se termine l\u00e9mission. Rencontres et amiti\u00e9 \u00e0 Plessisville-Contacts 50plus, sur Originis, originis.ca consult\u00e9 le 26 octobre 2016.  B\u00e9n\u00e9vole \u00e0 laccompagnement-transport m\u00e9dical Volunteer driver-medical escort La Sucrerie de la Montagne, authentique depuis plus de 40 ans!<\/p>\n","protected":false},"excerpt":{"rendered":"<p>site de rencontre plessisville<\/p>\n","protected":false},"author":1,"featured_media":0,"comment_status":"closed","ping_status":"closed","sticky":false,"template":"","format":"standard","meta":{"neve_meta_sidebar":"","neve_meta_container":"","neve_meta_enable_content_width":"","neve_meta_content_width":0,"neve_meta_title_alignment":"","neve_meta_author_avatar":"","neve_post_elements_order":"","neve_meta_disable_header":"","neve_meta_disable_footer":"","neve_meta_disable_title":""},"categories":[1],"tags":[],"_links":{"self":[{"href":"http:\/\/lars-decker.de\/blogs\/wp-json\/wp\/v2\/posts\/2408"}],"collection":[{"href":"http:\/\/lars-decker.de\/blogs\/wp-json\/wp\/v2\/posts"}],"about":[{"href":"http:\/\/lars-decker.de\/blogs\/wp-json\/wp\/v2\/types\/post"}],"author":[{"embeddable":true,"href":"http:\/\/lars-decker.de\/blogs\/wp-json\/wp\/v2\/users\/1"}],"replies":[{"embeddable":true,"href":"http:\/\/lars-decker.de\/blogs\/wp-json\/wp\/v2\/comments?post=2408"}],"version-history":[{"count":1,"href":"http:\/\/lars-decker.de\/blogs\/wp-json\/wp\/v2\/posts\/2408\/revisions"}],"predecessor-version":[{"id":2409,"href":"http:\/\/lars-decker.de\/blogs\/wp-json\/wp\/v2\/posts\/2408\/revisions\/2409"}],"wp:attachment":[{"href":"http:\/\/lars-decker.de\/blogs\/wp-json\/wp\/v2\/media?parent=2408"}],"wp:term":[{"taxonomy":"category","embeddable":true,"href":"http:\/\/lars-decker.de\/blogs\/wp-json\/wp\/v2\/categories?post=2408"},{"taxonomy":"post_tag","embeddable":true,"href":"http:\/\/lars-decker.de\/blogs\/wp-json\/wp\/v2\/tags?post=2408"}],"curies":[{"name":"wp","href":"https:\/\/api.w.org\/{rel}","templated":true}]}}