{"id":2374,"date":"2020-06-23T23:39:26","date_gmt":"2020-06-23T23:39:26","guid":{"rendered":"http:\/\/lars-decker.de\/blogs\/?p=2374"},"modified":"2020-06-21T23:28:17","modified_gmt":"2020-06-21T23:28:17","slug":"rencontre-femmes-saint-medard-en-jalles","status":"publish","type":"post","link":"http:\/\/lars-decker.de\/blogs\/2020\/06\/23\/rencontre-femmes-saint-medard-en-jalles\/","title":{"rendered":"Rencontre Femmes Saint Medard En Jalles"},"content":{"rendered":"<p><img decoding=\"async\" src=\"http:\/\/cdn.purple.fr\/c4a849fa4b15fd2fff831046a221a974\/static.purple.fr\/2018\/04\/5831-09a-copie-682x1024.jpg\/400x580c\/5831-09a-copie-682x1024.jpg\" alt=\"rencontre femmes saint medard en jalles\" align=\"right\"> Rencontre femme Cougar Saint-M\u00e9dard-en-Jalles-Cougarillo.com Salut je suis interesse par ton annonce je suis un jeune homme et jaime tes formes je correspond a ta demande je suis pret a me deplacer meme si pas de voiture jhabite vers ambares meme si pas dispo en ce moment rep vite <img decoding=\"async\" src=\"http:\/\/engelhoxlmaudio.tk\/var\/plain_site\/storage\/images\/media\/images\/communication\/images-contacts\/pillias\/80970-1-fre-FR\/pillias.jpg\" alt=\"rencontre femmes saint medard en jalles\" align=\"center\"> Jai 16 ans et je vous propose mes services dans le domaine de la maison. Saint-M\u00e9dard-en-Jalles-33160-27 ans-Julia-juli. Les pressions mensong\u00e8res du CROUS sur les \u00e9tudiant.es. Avec Camille, Solidaires \u00c9tudiant.e.s  Comme chaque ann\u00e9e, la Promenade rue Sainte-Catherine \u00e0 Bordeaux Gironde a retrouv\u00e9 ses jolis parapluies color\u00e9s ce mardi 9 juin 2020. Cette ann\u00e9e, sous linfluence Flower power. Notice that the CaSe is important in this example. On platforms that enforce case-sensitivity PNG and png are not the same locations. Jesp\u00e8re faire des rencontres int\u00e9ressantes qui pourraient, qui sait!! Nous vous fournissons ci-dessous un outil simple pour vous permettre de les accepter ou de les refuser, \u00e0 votre convenance. La simplicit\u00e9 me caract\u00e9rise en tous points&#8230; Vivre au jour le jour en partageant et savourant chaque petit plaisir! Voyager, partir \u00e0 la derni\u00e8re minute, simmerger dans une nouvelle culture, router sac \u00e0 dos, \u00e0 dos de chameau et dormir \u00e0 la belle!&#8230;.. Je r\u00eave de vivre un jour au chaud sur mon bateau, mener une vie de boh\u00e8me allant \u00e0 la rencontre de nouvelles traditions, nouveaux continents, partager, menrichir et rayonner de bonheur! Sans soublier et oublier lautre en procurant du bien-\u00eatre au travers de massages, ce qui est tout un art!! <img decoding=\"async\" src=\"http:\/\/www.tempeustwo.tk\/sites\/default\/files\/agenda\/photo\/affiche_fete_medievale_2018_bd.jpg\" alt=\"rencontre femmes saint medard en jalles\" align=\"center\">  Compte Rendu du Caf\u00e9 politiques avec B\u00e9atrice Bourges, organis\u00e9 \u00e0 Paris le 30 octobre 2012 Apr\u00e8s une premi\u00e8re \u00e9dition plus quenthousiasmante, le V and B Fest r\u00e9it\u00e8re lexercice du concept V and B XXL lors.. En cliquant sur le bouton de validation ci-dessus, vous acceptez notre, y compris lutilisation du profilage pour vous trouver des partenaires et acceptez nos Sens de lhumour : Je ris quand cest vraiment dr\u00f4le, Jaime bien taquiner La rencontre de c\u00e9libataires handicap\u00e9s et valides \u00e0 Saint-M\u00e9dard-en-Jalles est d\u00e9sormais possible sur. Vous nallez pas le regretter! Ouvrez vos yeux sur les nombreuses possibilit\u00e9s de faire la rencontre dune femme handicap\u00e9e \u00e0 Saint-M\u00e9dard-en-Jalles d\u00e8s \u00e0 pr\u00e9sent. Rendez-vous sur pour faire la rencontre dune personne qui va changer votre vie.  Ici pour plan sans lendemain et fin, no prise de tete.<\/p>\n","protected":false},"excerpt":{"rendered":"<p>rencontre femmes saint medard en jalles<\/p>\n","protected":false},"author":1,"featured_media":0,"comment_status":"closed","ping_status":"closed","sticky":false,"template":"","format":"standard","meta":{"neve_meta_sidebar":"","neve_meta_container":"","neve_meta_enable_content_width":"","neve_meta_content_width":0,"neve_meta_title_alignment":"","neve_meta_author_avatar":"","neve_post_elements_order":"","neve_meta_disable_header":"","neve_meta_disable_footer":"","neve_meta_disable_title":""},"categories":[1],"tags":[],"_links":{"self":[{"href":"http:\/\/lars-decker.de\/blogs\/wp-json\/wp\/v2\/posts\/2374"}],"collection":[{"href":"http:\/\/lars-decker.de\/blogs\/wp-json\/wp\/v2\/posts"}],"about":[{"href":"http:\/\/lars-decker.de\/blogs\/wp-json\/wp\/v2\/types\/post"}],"author":[{"embeddable":true,"href":"http:\/\/lars-decker.de\/blogs\/wp-json\/wp\/v2\/users\/1"}],"replies":[{"embeddable":true,"href":"http:\/\/lars-decker.de\/blogs\/wp-json\/wp\/v2\/comments?post=2374"}],"version-history":[{"count":1,"href":"http:\/\/lars-decker.de\/blogs\/wp-json\/wp\/v2\/posts\/2374\/revisions"}],"predecessor-version":[{"id":2375,"href":"http:\/\/lars-decker.de\/blogs\/wp-json\/wp\/v2\/posts\/2374\/revisions\/2375"}],"wp:attachment":[{"href":"http:\/\/lars-decker.de\/blogs\/wp-json\/wp\/v2\/media?parent=2374"}],"wp:term":[{"taxonomy":"category","embeddable":true,"href":"http:\/\/lars-decker.de\/blogs\/wp-json\/wp\/v2\/categories?post=2374"},{"taxonomy":"post_tag","embeddable":true,"href":"http:\/\/lars-decker.de\/blogs\/wp-json\/wp\/v2\/tags?post=2374"}],"curies":[{"name":"wp","href":"https:\/\/api.w.org\/{rel}","templated":true}]}}