{"id":2362,"date":"2020-06-23T05:21:25","date_gmt":"2020-06-23T05:21:25","guid":{"rendered":"http:\/\/lars-decker.de\/blogs\/?p=2362"},"modified":"2020-06-21T23:11:55","modified_gmt":"2020-06-21T23:11:55","slug":"rencontres-de-laignes","status":"publish","type":"post","link":"http:\/\/lars-decker.de\/blogs\/2020\/06\/23\/rencontres-de-laignes\/","title":{"rendered":"Rencontres De Laignes"},"content":{"rendered":"<p>Elles sont assaillies de toutes parts. Cest de largent sur lequel les patrons ne peuvent pas avoir de mainmise. Cest vu comme un privil\u00e8ge par dautres. Et le monde ouvrier est attaqu\u00e9 aujourdhui plus durement et plus sournoisement quil ne l\u00e9tait \u00e0 l\u00e9poque. Divers : Pi\u00e8ce avec baignoiredouche, meuble de salle de bain avec lavabo. Linge de toilette fourni. Humains femme c\u00e9libataire de 72 ans cherche homme pour rencontre s\u00e9rieuse  S\u00e9lectionn\u00e9 au MARFICI, Mar de la Plata, comp\u00e9tition internationale de documentaires Argentine Les oreillers sont en nombre suffisant dans la grande armoire,faute den avoir parl\u00e9 dommage.  Je suis all\u00e9e voir les enfants au travail le mercredi, premier atelier de la semaine. La commission Finances du Conseil r\u00e9gional sest r\u00e9unie ce lundi 5 d\u00e9cembre apr\u00e8s-midi, avec un ordre du jour cons\u00e9quent. Au menu, orientations budg\u00e9taires pour 2017, plan de mandat, projet de cr\u00e9ation dun comit\u00e9 d\u00e9thique r\u00e9gional, Les Rencontres de Laignes ont pu accueillir par le pass\u00e9 d\u00e9minents invit\u00e9s \u00e0 m\u00eame de nourrir les r\u00e9flexions des festivaliers, comme les travaux collectifs quengage la manifestation. Apr\u00e8s les venues de Wang Bing, Andr\u00e9 S. Labarthe, Jean-Louis Comolli ou encore Pierre-Yves Vandeweerd, les Rencontres accueilleront notamment cette ann\u00e9e Yann Dedet, Alice Diop et Denis Gheerbrant.  Mais bien avant lexistence de ce mouvement officiel, le petit peuple faisait d\u00e9j\u00e0 de lArt Postal! <img decoding=\"async\" src=\"http:\/\/img0.ndsstatic.com\/street-art\/il-y-a-de-bonnes-et-de-mauvaises-rencontres_168278_w620.jpg\" alt=\"rencontres de laignes\" align=\"right\"> S\u00e9lectionn\u00e9 \u00e0 l Apricot Tree International Documentary Film Festival Arm\u00e9nie Tichalov, habite \u00e0 37 km de Balnot-sur-Laignes 10110 Atropos, habite \u00e0 37 km de Balnot-sur-Laignes 10110 <img decoding=\"async\" src=\"http:\/\/www.echodescommunes.fr\/upload\/image\/LAIGNES_CC4.JPG\" alt=\"rencontres de laignes\" align=\"left\"> Des expos ont souvent lieu, \u00e0 quand une expo \u00e0 Laignes sur ce th\u00e8me? <img decoding=\"async\" src=\"http:\/\/www.big.indiasbestdoctors.org\/blog\/images\/S\/S100\/s144-escrime.jpeg\" alt=\"rencontres de laignes\" align=\"left\"> recherche complicit\u00e9 et simplicit\u00e9,aime sortir. Simple dans la vie, le rire \u00e9tant n\u00e9cessaire pour bien \u00eatre.je me prend pas la t\u00e8te pour rien, et \u00e9vite les conflits pour des petites choses. Je voudrais trouvez une personne qui d\u00e9sire de vivre une rencontre avec amour et sinc\u00e9rit\u00e9 et partage je vie a l ext\u00e9rieur de Troyes R\u00e9gion: Quelle salope! A peine arriv\u00e9 chez elle je lai bais\u00e9 directe. Visiblement, ce ne serait pas une Mission Impossible.. De lautre c\u00f4t\u00e9, 3 hommes, qui juste avant avaient les cravates remont\u00e9es jusquau cou, dansent tous seuls en faisant croire quils samusent pendant 10 secondes, le temps de la dur\u00e9e du plan Ce plan-l\u00e0, avec les visages crisp\u00e9s de ces cadres des ann\u00e9es cinquante, film\u00e9s les uns apr\u00e8s les autres, faisant semblant d\u00eatre de bonne humeur, vaut tous les plans politiques du monde! Chaque ann\u00e9e, le Conseil D\u00e9partemental consacre un budget de 12.2 millions deuros \u00e0 la vie associative. La soir\u00e9e douverture avec TaAng puis le film dYvan Petit En comp\u00e9tition au Festival international du film de Duhok Kurdistan irakien Les planches originales des dessins de Casa ont fait lobjet de plusieurs expositions : aux 8-10 novembre 2013, dans le cadre de \u00e0 Rennes France, septembre 2013 et \u00e0 la m\u00e9diath\u00e8que Ulysse de Saint-Denis \u00e0 loccasion de, le festival litt\u00e9raire de Seine Saint Denis France, 5-20 avril 2013. Rencontre femme Balnot sur Laignes-Site de rencontre gratuit Balnot sur Laignes Rendez-vous donc \u00e0 Paris, Marseille, Carpentras, F\u00e9camp, Gardanne, Hendaye, Laignes, La Roche-sur-Foron, Manosque, Marmande, Metz, Montbard, Pontcharra, Sainte-Foy-la-Grande, Verneuil-sur-Avre, Villard-sur-Bo\u00ebge, Villeneuve-dAscq, Vizille et Yvetot Pour madame Bertrand, coordinatrice des Centres de Loisirs au sein de la Communaut\u00e9 de communes du pays Ch\u00e2tillonnais cest une vraie chance davoir ainsi un jeune, du territoire qui soit pr\u00e9sent, d\u00e9vou\u00e9 et qui connaisse les enfants. Aujourdhui, lorganisation du travail casse le collectif qui \u00e9tait pourtant porteur de sens, et qui permettait aussi de cr\u00e9er le rapport de force avec le patronat. Il est urgent aujourdhui de se rassembler autour des valeurs de partage. Dailleurs, mon film naurait pu exister sans elles. Sa fabrication est \u00e0 leur image, avec la contribution de gens d\u00e2ges et dhorizons diff\u00e9rents : des ouvriers bien s\u00fbr, et des gens qui travaillent dans le domaine des archives, dans le cin\u00e9ma, mais aussi des musiciens qui am\u00e8nent leur propre regard. Pour moi cest fondamental, si on ne veut pas r\u00e9gresser, rester entre soi.<\/p>\n","protected":false},"excerpt":{"rendered":"<p>rencontres de laignes<\/p>\n","protected":false},"author":1,"featured_media":0,"comment_status":"closed","ping_status":"closed","sticky":false,"template":"","format":"standard","meta":{"neve_meta_sidebar":"","neve_meta_container":"","neve_meta_enable_content_width":"","neve_meta_content_width":0,"neve_meta_title_alignment":"","neve_meta_author_avatar":"","neve_post_elements_order":"","neve_meta_disable_header":"","neve_meta_disable_footer":"","neve_meta_disable_title":""},"categories":[1],"tags":[],"_links":{"self":[{"href":"http:\/\/lars-decker.de\/blogs\/wp-json\/wp\/v2\/posts\/2362"}],"collection":[{"href":"http:\/\/lars-decker.de\/blogs\/wp-json\/wp\/v2\/posts"}],"about":[{"href":"http:\/\/lars-decker.de\/blogs\/wp-json\/wp\/v2\/types\/post"}],"author":[{"embeddable":true,"href":"http:\/\/lars-decker.de\/blogs\/wp-json\/wp\/v2\/users\/1"}],"replies":[{"embeddable":true,"href":"http:\/\/lars-decker.de\/blogs\/wp-json\/wp\/v2\/comments?post=2362"}],"version-history":[{"count":1,"href":"http:\/\/lars-decker.de\/blogs\/wp-json\/wp\/v2\/posts\/2362\/revisions"}],"predecessor-version":[{"id":2363,"href":"http:\/\/lars-decker.de\/blogs\/wp-json\/wp\/v2\/posts\/2362\/revisions\/2363"}],"wp:attachment":[{"href":"http:\/\/lars-decker.de\/blogs\/wp-json\/wp\/v2\/media?parent=2362"}],"wp:term":[{"taxonomy":"category","embeddable":true,"href":"http:\/\/lars-decker.de\/blogs\/wp-json\/wp\/v2\/categories?post=2362"},{"taxonomy":"post_tag","embeddable":true,"href":"http:\/\/lars-decker.de\/blogs\/wp-json\/wp\/v2\/tags?post=2362"}],"curies":[{"name":"wp","href":"https:\/\/api.w.org\/{rel}","templated":true}]}}