{"id":2276,"date":"2020-06-23T10:48:25","date_gmt":"2020-06-23T10:48:25","guid":{"rendered":"http:\/\/lars-decker.de\/blogs\/?p=2276"},"modified":"2020-06-21T21:49:37","modified_gmt":"2020-06-21T21:49:37","slug":"cnrs-rencontres-jeunes-et-citoyens","status":"publish","type":"post","link":"http:\/\/lars-decker.de\/blogs\/2020\/06\/23\/cnrs-rencontres-jeunes-et-citoyens\/","title":{"rendered":"Cnrs Rencontres Jeunes Et Citoyens"},"content":{"rendered":"<p>\u0395\u03ba\u03bb\u03bf\u03b3\u03b9\u03ba\u03cc\u03c2 \u03bd\u03cc\u03bc\u03bf\u03c2 2016 11 \u0399\u03bf\u03c5\u03bb\u03af\u03bf\u03c5 2018 \u03c0\u03b5\u03c3\u03bf\u03c2 \u03ba\u03bf\u03c5\u03b2\u03b1\u03c2 \u03c3\u03b5 \u03b5\u03c5\u03c1\u03c9 \u03b1\u03bd\u03c4\u03b1\u03bb\u03bb\u03b1\u03ba\u03c4\u03b9\u03ba\u03bf oral b vitality 01:07 \u03b5\u03c0\u03b1\u03bd\u03b1\u03bb\u03b7\u03c0\u03c4\u03b9\u03ba\u03b1 \u03b8\u03b5\u03bc\u03b1\u03c4\u03b1 \u03c0\u03b1\u03bd\u03b5\u03bb\u03bb\u03b7\u03bd\u03b9\u03c9\u03bd 2014 \u03bc\u03b1\u03b8\u03b7\u03bc\u03b1\u03c4\u03b9\u03ba\u03b1 \u03b3\u03b5\u03bd\u03b9\u03ba\u03b7\u03c2 ventes de livre doccasion avec bouquinistes : all\u00e9e droite c5: 854 Les chiffres: explosion de la pratique Scientifique et Technique: il y a de plus en plus de jeunes qui pratiquent la r\u00e9paration, le bidouillage, le jardinage; la biodiversit\u00e9, la biodiversit\u00e9 urbaine dans les quartiers d\u00e9favoris\u00e9s, etc,etc. <img decoding=\"async\" src=\"http:\/\/images.math.cnrs.fr\/IMG\/jpg\/mirzakhani-600x450.jpg\" alt=\"cnrs rencontres jeunes et citoyens\" align=\"left\">  p\u00e9dagogiques. BrppCes t\u00e9moignages constituent des appuis et des sources compte-rendu daction, PACA, Diagnostic de quartier D\u00e9couvrez les activit\u00e9s et ressources en \u00e9ducation. Outil de communication, Pr\u00e9sentation du conseil citoyen, Normandie isstock Bien vivre, dans les limites de notre plan\u00e8te 7e PAE le programme d action g\u00e9n\u00e9ral de l Union pour l environnement \u00e0 l horizon 2020 Depuis le milieu des ann\u00e9es 70, la politique environnementale <img decoding=\"async\" src=\"http:\/\/ancrages.org\/wp-content\/uploads\/2017\/10\/heriters-220x300.jpg\" alt=\"cnrs rencontres jeunes et citoyens\" align=\"left\"> Mais, pour les Pin\u00e7on-Charlot, si l\u00e9cole et les avec pour corollaire le, au m\u00eame titre que la famille, participent bien de la, dautres instances ou processus sont \u00e9galement \u00e0 loeuvre. Puisque par le jeu de son mariage historique avec la qui na fait que de saccentuer depuis le, la haute est pass\u00e9e, au fil du temps, dune domination \u00e9conomique \u00e0 une domination symbolique, cest-\u00e0-dire d une domination mat\u00e9riellement fond\u00e9e \u00e0 une domination ancr\u00e9e aussi dans les repr\u00e9sentations et les mentalit\u00e9s et pour cela beaucoup plus solidement assise. Cest donc par ce processus subtil dalliances et dassimilation \u00e0 la que la a h\u00e9rit\u00e9 de ses attributs valoris\u00e9s, et renforc\u00e9 par l\u00e0 m\u00eame son, sorte de naturelle : Il faut du temps pour accumuler cette magie sociale qui transforme en qualit\u00e9 de la personne ou de la lign\u00e9e les richesses socialement accumul\u00e9es. Consultez les prochains \u00e9v\u00e9nements organis\u00e9s \u00e0 lENS de Lyon de culture scientifique et diffusion des savoirs. Commentaire du Collectif Science et Citoyens : On ne voit pas tr\u00e8s bien o\u00f9 se trouve la science dans ce qui pr\u00e9c\u00e8de. En attendant, vous pouvez nous rejoindre sur Facebook et Twitter : neocampus : campus du futur 27 f\u00e9vrier 2015 D\u00e9marrage juin 2013 ECO-CAMPUS TOULOUSE Pr\u00e9sident B Monthubert Confort au quotidien pour la communaut\u00e9 universitaire Diminution de l empreinte \u00e9cologique de ENTREPRENEURIAT notre capacit\u00e9 \u00e0 identifier des opportunit\u00e9s et notre talent \u00e0 les transformer en projets cr\u00e9ateurs de valeur Les d\u00e9cisions des assembl\u00e9es g\u00e9n\u00e9rales simposent \u00e0 tous les membres, y compris absents ou repr\u00e9sent\u00e9s.  Dabord optimiste quant \u00e0 la signature de l, il d\u00e9plore aujourdhui le d\u00e9sengagement de nombreux signataires, sans perdre tout son optimisme pour autant : selon lui, la jeunesse, qui fera partie des perdants du r\u00e9chauffement climatique aux c\u00f4t\u00e9s des d\u00e9favoris\u00e9s, est aussi lun des meilleurs d\u00e9fenseurs de la cause. \u03a4\u03bf\u03c0\u03b9\u03ba\u03b1 \u03b5\u03c0\u03b9\u03c1\u03c1\u03b7\u03bc\u03b1\u03c4\u03b1 \u03b1\u03c3\u03ba\u03b7\u03c3\u03b5\u03b9\u03c2 11 \u0399\u03bf\u03c5\u03bb\u03af\u03bf\u03c5 2018 \u03c0\u03c1\u03bf\u03c3\u03c9\u03c0\u03b9\u03ba\u03b1 \u03b4\u03b5\u03b4\u03bf\u03bc\u03b5\u03bd\u03b1 \u03bd\u03bf\u03bc\u03bf\u03b8\u03b5\u03c3\u03b9\u03b1 \u03ba\u03c5\u03c0\u03c1\u03bf\u03c2 \u03ba\u03c1\u03b5\u03bc\u03b1 \u03bc\u03b1\u03c4\u03b9\u03c9\u03bd \u03b3\u03b9\u03b1 \u03c4\u03b9\u03c2 \u03c3\u03b1\u03ba\u03bf\u03c5\u03bb\u03b5\u03c2 18:32 \u03c6\u03c4\u03c5\u03c3\u03b5 \u03c4\u03b7\u03bd \u03b3\u03ba\u03bf\u03bc\u03b5\u03bd\u03b1 Obtenez une certification en pens\u00e9e conceptuelle en d\u00e9veloppant des produits, des services et des solutions aux d\u00e9fis auxquels sont confront\u00e9s les membres de votre communaut\u00e9, comme la d\u00e9sinformation et la confiance, la d\u00e9pression, lins\u00e9curit\u00e9 du revenu et le blocage de lapprentissage. Ensuite, et cest tr\u00e8s bien pour Outreau, nous avons \u00e9t\u00e9 visit\u00e9 un quartier dans lequel a \u00e9t\u00e9 cr\u00e9\u00e9 un Centre SocioCulturel, un projet pens\u00e9 et r\u00e9alis\u00e9 en lien avec les habitants et les associations du quartier. Il accueille les enfants, ados et parents et propose beaucoup dactivit\u00e9s diff\u00e8rentes. Nous avons ensuite partag\u00e9 un temps d\u00e9changes avec plusieurs personnes comme le Directeur du Centre, des memebres du Conseil Citoyen de Bondy et le responsable de la Maison de la Jeunesse qui sont engag\u00e9s aussi dans le monde Associatif.  Citoyens pour le Climat vous pr\u00e9sente la synth\u00e8se du dernier rapport du GIEC en version anglaise. Michel Abescat, Ces Pin\u00e7on qui font trembler lElys\u00e9e,, 18 septembre 2010. <img decoding=\"async\" src=\"http:\/\/www.laurent-mucchielli.org\/public\/Image_voiture_de_police_2.jpg\" alt=\"cnrs rencontres jeunes et citoyens\" align=\"right\"> Fran\u00e7ois Cathelineau, co-fondateur de lAgence Phare, a confirm\u00e9 que les relations entre ces deux mondes n\u00e9taient pas simples. Les jeunes ont souvent limpression d\u00eatre une caution. Ils sont parfois consult\u00e9s mais sont rarement associ\u00e9s \u00e0 la construction des politiques publiques. Dune mani\u00e8re g\u00e9n\u00e9rale, les pouvoirs publics privil\u00e9gient les interlocuteurs uniques, ce qui ne cadre pas avec cette diversit\u00e9 des jeunesses et des formes dengagement. Guide \u00e0 destination des chefs d \u00e9tablissement et des enseignants Une d\u00e9marche p\u00e9dagogique en \u00e9ducation au d\u00e9veloppement durable : Organiser des jeux de r\u00f4les simulations en milieu scolaire Introduction.<\/p>\n","protected":false},"excerpt":{"rendered":"<p>cnrs rencontres jeunes et citoyens<\/p>\n","protected":false},"author":1,"featured_media":0,"comment_status":"closed","ping_status":"closed","sticky":false,"template":"","format":"standard","meta":{"neve_meta_sidebar":"","neve_meta_container":"","neve_meta_enable_content_width":"","neve_meta_content_width":0,"neve_meta_title_alignment":"","neve_meta_author_avatar":"","neve_post_elements_order":"","neve_meta_disable_header":"","neve_meta_disable_footer":"","neve_meta_disable_title":""},"categories":[1],"tags":[],"_links":{"self":[{"href":"http:\/\/lars-decker.de\/blogs\/wp-json\/wp\/v2\/posts\/2276"}],"collection":[{"href":"http:\/\/lars-decker.de\/blogs\/wp-json\/wp\/v2\/posts"}],"about":[{"href":"http:\/\/lars-decker.de\/blogs\/wp-json\/wp\/v2\/types\/post"}],"author":[{"embeddable":true,"href":"http:\/\/lars-decker.de\/blogs\/wp-json\/wp\/v2\/users\/1"}],"replies":[{"embeddable":true,"href":"http:\/\/lars-decker.de\/blogs\/wp-json\/wp\/v2\/comments?post=2276"}],"version-history":[{"count":1,"href":"http:\/\/lars-decker.de\/blogs\/wp-json\/wp\/v2\/posts\/2276\/revisions"}],"predecessor-version":[{"id":2277,"href":"http:\/\/lars-decker.de\/blogs\/wp-json\/wp\/v2\/posts\/2276\/revisions\/2277"}],"wp:attachment":[{"href":"http:\/\/lars-decker.de\/blogs\/wp-json\/wp\/v2\/media?parent=2276"}],"wp:term":[{"taxonomy":"category","embeddable":true,"href":"http:\/\/lars-decker.de\/blogs\/wp-json\/wp\/v2\/categories?post=2276"},{"taxonomy":"post_tag","embeddable":true,"href":"http:\/\/lars-decker.de\/blogs\/wp-json\/wp\/v2\/tags?post=2276"}],"curies":[{"name":"wp","href":"https:\/\/api.w.org\/{rel}","templated":true}]}}