{"id":2212,"date":"2020-06-23T09:50:47","date_gmt":"2020-06-23T09:50:47","guid":{"rendered":"http:\/\/lars-decker.de\/blogs\/?p=2212"},"modified":"2020-06-21T21:06:19","modified_gmt":"2020-06-21T21:06:19","slug":"rencontre-vietnamienne-belgique","status":"publish","type":"post","link":"http:\/\/lars-decker.de\/blogs\/2020\/06\/23\/rencontre-vietnamienne-belgique\/","title":{"rendered":"Rencontre Vietnamienne Belgique"},"content":{"rendered":"<p>Pour sa ville dadoption, Hano\u00ef et sa r\u00e9gion. De mails en tchats, ces <img decoding=\"async\" src=\"http:\/\/www.site-vietnam.fr\/wp-content\/uploads\/2013\/02\/mariage-canadien-vietnamienne.jpg\" alt=\"rencontre vietnamienne belgique\" align=\"right\"> <img decoding=\"async\" src=\"http:\/\/media.virginradio.fr\/pmedia-2898513-ajust_640-f1445437443\/site-de-rencontre-pour-les-gothiques.jpg\" alt=\"rencontre vietnamienne belgique\" align=\"left\"> rencontr\u00e9 Domitien Ndayizeye; ancien Pr\u00e9sident du Burundi. Herman Le s\u00e9nateur Bart Tommelein, Pr\u00e9sident de la section, et le   6 mai 2015-Section Belgique-EstonieLettonieLituanie Le Premier ministre Nguy\u00ean Xu\u00e2n Phuc a annonc\u00e9 que la Commission europ\u00e9enne CE avait convenu dapprouver la soumission au Conseil europ\u00e9en pour la prochaine signature de laccord de libre-\u00e9change Vietnam-UE et de laccord de protection des investissements IPA du Vietnam. Selon lui, cet accord devrait avoir un grand impact sur le d\u00e9veloppement national. Le Forum des entreprises UE-Belgique a t\u00e9moign\u00e9 de laspiration des entreprises europ\u00e9ennes dinvestir au Vietnam pour profiter de ce futur accord de libre-\u00e9change. Annonces Sexe Vieilles permet \u00e0 ses utilisateurs de rechercher des annonces sexe de snap sexe mature, de vieille pr\u00e8s de chez eux! ministre de l\u00c9ducation, de la Culture, des Sports, des Sciences et de pr\u00e9sident du PECDAR Palestinian Economic Council for Development and Le Premier Ministre, accompagn\u00e9 dune d\u00e9l\u00e9gation vietnamienne, est arriv\u00e9 dimanche et a rencontr\u00e9 la communaut\u00e9 vietnamienne de Belgique \u00e0 lAmbassade du Vietnam. Lundi, apr\u00e8s avoir rencontr\u00e9 les autorit\u00e9s communales, f\u00e9d\u00e9rales et europ\u00e9ennes, cest au tour de Rudy Demotte, Ministre-Pr\u00e9sident de la F\u00e9d\u00e9ration Wallonie-Bruxelles, davoir une entrevue avec le Premier Ministre vietnamien. La version gratuite est limit\u00e9e, vous devez donc passer rapidement \u00e0 la version premium Si vous allez au Japon, il sera compliqu\u00e9 de rencontrer une japonaise facilement. Certaines filles savent samuser et nh\u00e9siteront pas \u00e0 vous suivre dans un love h\u00f4tel mais cela reste une tr\u00e8s faible minorit\u00e9. <img decoding=\"async\" src=\"http:\/\/i.ytimg.com\/vi\/zWwJjKE6HD0\/maxresdefault.jpg\" alt=\"rencontre vietnamienne belgique\" align=\"left\"> Que ce soit sur un site de rencontre japonaise, ou lors dune discussion, il y a plusieurs \u00e9l\u00e9ments qui peuvent faciliter votre approche avec une femme japonaise. Ma rencontre avec Chan, au Vietnam. Chan a 25 ans et est dorigine Hmong, une minorit\u00e9 ethnique qui vit sur les hauts plateaux vietnamiens. Pendant deux jours, jai eu la chance de vivre une exp\u00e9rience authentique et de c\u00f4toyer la vie des villageois Hmong au Vietnam section Belgique-Canada de lUIP, accueille le nouvel ambassadeur du Canada, Cest \u00e0 nouveau une exp\u00e9rience tellement personnelle que je ne saurai vous donner plus de d\u00e9tails. Une d\u00e9l\u00e9gation du Groupe belge de lUnion interparlementaire En vous remerciant de votre pr\u00e9cieuse compr\u00e9hension, la pagode ainsi que ses membres souhaitent \u00e0 vous, \u00e0 vos familles et vos proches de continuer \u00e0 pr\u00e9server la sant\u00e9, la s\u00e9curit\u00e9 et la qui\u00e9tude dans les gestes et les actes adapt\u00e9s conditions demand\u00e9es. NAMO SAKYAMUNI BOUDDHA. La formation est une action essentielle dans la d\u00e9marche de AGIRabcd pour impliquer et motiver nos adh\u00e9rents M. Joris-RTBF-Tous droits r\u00e9serv\u00e9s M. Joris-RTBF-Tous droits r\u00e9serv\u00e9s M. Joris-RTBF-Tous droits r\u00e9serv\u00e9s .<\/p>\n","protected":false},"excerpt":{"rendered":"<p>rencontre vietnamienne belgique<\/p>\n","protected":false},"author":1,"featured_media":0,"comment_status":"closed","ping_status":"closed","sticky":false,"template":"","format":"standard","meta":{"neve_meta_sidebar":"","neve_meta_container":"","neve_meta_enable_content_width":"","neve_meta_content_width":0,"neve_meta_title_alignment":"","neve_meta_author_avatar":"","neve_post_elements_order":"","neve_meta_disable_header":"","neve_meta_disable_footer":"","neve_meta_disable_title":""},"categories":[1],"tags":[],"_links":{"self":[{"href":"http:\/\/lars-decker.de\/blogs\/wp-json\/wp\/v2\/posts\/2212"}],"collection":[{"href":"http:\/\/lars-decker.de\/blogs\/wp-json\/wp\/v2\/posts"}],"about":[{"href":"http:\/\/lars-decker.de\/blogs\/wp-json\/wp\/v2\/types\/post"}],"author":[{"embeddable":true,"href":"http:\/\/lars-decker.de\/blogs\/wp-json\/wp\/v2\/users\/1"}],"replies":[{"embeddable":true,"href":"http:\/\/lars-decker.de\/blogs\/wp-json\/wp\/v2\/comments?post=2212"}],"version-history":[{"count":1,"href":"http:\/\/lars-decker.de\/blogs\/wp-json\/wp\/v2\/posts\/2212\/revisions"}],"predecessor-version":[{"id":2213,"href":"http:\/\/lars-decker.de\/blogs\/wp-json\/wp\/v2\/posts\/2212\/revisions\/2213"}],"wp:attachment":[{"href":"http:\/\/lars-decker.de\/blogs\/wp-json\/wp\/v2\/media?parent=2212"}],"wp:term":[{"taxonomy":"category","embeddable":true,"href":"http:\/\/lars-decker.de\/blogs\/wp-json\/wp\/v2\/categories?post=2212"},{"taxonomy":"post_tag","embeddable":true,"href":"http:\/\/lars-decker.de\/blogs\/wp-json\/wp\/v2\/tags?post=2212"}],"curies":[{"name":"wp","href":"https:\/\/api.w.org\/{rel}","templated":true}]}}