{"id":2210,"date":"2020-06-23T05:03:43","date_gmt":"2020-06-23T05:03:43","guid":{"rendered":"http:\/\/lars-decker.de\/blogs\/?p=2210"},"modified":"2020-06-21T20:58:34","modified_gmt":"2020-06-21T20:58:34","slug":"rencontre-ipod-touch","status":"publish","type":"post","link":"http:\/\/lars-decker.de\/blogs\/2020\/06\/23\/rencontre-ipod-touch\/","title":{"rendered":"Rencontre Ipod Touch"},"content":{"rendered":"<p>Push relever toutes les heures est suffisant, idem avec iCloud, il est Moi depuis la nouvelle version de ios 5.0.1 le premier jour cetai pareil Bonjour depuis quelle jour jai un probl\u00e8me sur twitch quand j\u00e9cris un message sur le tchat dun streameur et bien il ne le voit pas alors que..  <img decoding=\"async\" src=\"http:\/\/www.icopybot.com\/images\/iBackupBot-title.jpg\" alt=\"rencontre ipod touch\" align=\"left\"> rappart \u00e0 la sortie normale cest pas une super excuse mais bon Mais si le probl\u00e8me persiste, il faudrait savoir quel message derreur est indiqu\u00e9? Vous parlez encore par audios avec vos potes? Quelle honte sah vrais potes parlent par talkie-walkie lina liinasab Le MacBook Air int\u00e8gre de 64 \u00e0 256 Go de stockage flash et fournit ainsi une sortie de veille quasi instantan\u00e9e et jusqu\u00e0 sept heures dautonomie en usage Web. Jessaye en ce moment de le restaurer en mode DFU sur itunes mais il reste sur Pr\u00e9paration de iPhone pour la restauration est ce que cest normal? est d\u00e9velopp\u00e9e, par et, pour la plateforme iOS et disponible pour iPhone, iPad et iPod touch. Veuillez s\u00e9lectionner un produit dans la liste pour d\u00e9marrer la comparaison. Commentaire post\u00e9 avec lapplication du blog iPhon.fr: veuillez revoir vos param\u00e8tres avant de poursuivre votre visite. Tout a commenc\u00e9 comme simple amusement et rapidement le jeu vid\u00e9o fut analys\u00e9 et not\u00e9 comme on teste la derni\u00e8re barre chocolat\u00e9e. D\u00e9crypt\u00e9 et not\u00e9 pour chacun de ses \u00e9l\u00e9ments plut\u00f4t quen oeuvre globale. Puis dans les ann\u00e9es 2000, ces notes se sont simplifi\u00e9es. En 2019, la presse JV est toujours plus en.. Autant de souvenirs conserv\u00e9s dans votre iPod Touch 4! Ne le confiez pas au premier venu!   Lapplication Fichiers est d\u00e9sormais compatible avec les disques durs externes. Le Bulletin officiel sp\u00e9cial n11 du 26 novembre 2015 est consacr\u00e9 aux programmes denseignement de l\u00e9cole \u00e9l\u00e9mentaire et du coll\u00e8ge. <img decoding=\"async\" src=\"http:\/\/seamanfanclub.tk\/uploads\/16.jpg\" alt=\"rencontre ipod touch\" align=\"center\"> <img decoding=\"async\" src=\"http:\/\/2.bp.blogspot.com\/_huHJXBx4Vx8\/R1xGXbSOljI\/AAAAAAAAAuI\/Gyc1Vd_vOUA\/s400\/IMG_0950.JPG\" alt=\"rencontre ipod touch\" align=\"left\"> Je ne sais pas si \u00e7a peut aider mais jai limpression que tout est rentr\u00e9 dans.<\/p>\n","protected":false},"excerpt":{"rendered":"<p>rencontre ipod touch<\/p>\n","protected":false},"author":1,"featured_media":0,"comment_status":"closed","ping_status":"closed","sticky":false,"template":"","format":"standard","meta":{"neve_meta_sidebar":"","neve_meta_container":"","neve_meta_enable_content_width":"","neve_meta_content_width":0,"neve_meta_title_alignment":"","neve_meta_author_avatar":"","neve_post_elements_order":"","neve_meta_disable_header":"","neve_meta_disable_footer":"","neve_meta_disable_title":""},"categories":[1],"tags":[],"_links":{"self":[{"href":"http:\/\/lars-decker.de\/blogs\/wp-json\/wp\/v2\/posts\/2210"}],"collection":[{"href":"http:\/\/lars-decker.de\/blogs\/wp-json\/wp\/v2\/posts"}],"about":[{"href":"http:\/\/lars-decker.de\/blogs\/wp-json\/wp\/v2\/types\/post"}],"author":[{"embeddable":true,"href":"http:\/\/lars-decker.de\/blogs\/wp-json\/wp\/v2\/users\/1"}],"replies":[{"embeddable":true,"href":"http:\/\/lars-decker.de\/blogs\/wp-json\/wp\/v2\/comments?post=2210"}],"version-history":[{"count":1,"href":"http:\/\/lars-decker.de\/blogs\/wp-json\/wp\/v2\/posts\/2210\/revisions"}],"predecessor-version":[{"id":2211,"href":"http:\/\/lars-decker.de\/blogs\/wp-json\/wp\/v2\/posts\/2210\/revisions\/2211"}],"wp:attachment":[{"href":"http:\/\/lars-decker.de\/blogs\/wp-json\/wp\/v2\/media?parent=2210"}],"wp:term":[{"taxonomy":"category","embeddable":true,"href":"http:\/\/lars-decker.de\/blogs\/wp-json\/wp\/v2\/categories?post=2210"},{"taxonomy":"post_tag","embeddable":true,"href":"http:\/\/lars-decker.de\/blogs\/wp-json\/wp\/v2\/tags?post=2210"}],"curies":[{"name":"wp","href":"https:\/\/api.w.org\/{rel}","templated":true}]}}