{"id":2208,"date":"2020-06-23T13:53:46","date_gmt":"2020-06-23T13:53:46","guid":{"rendered":"http:\/\/lars-decker.de\/blogs\/?p=2208"},"modified":"2020-06-21T20:56:28","modified_gmt":"2020-06-21T20:56:28","slug":"rencontre-elsa-glenn-medeiros","status":"publish","type":"post","link":"http:\/\/lars-decker.de\/blogs\/2020\/06\/23\/rencontre-elsa-glenn-medeiros\/","title":{"rendered":"Rencontre Elsa Glenn Medeiros"},"content":{"rendered":"<p>Vous \u00eates une artiste plurielle, mais assez secr\u00e8te. Avez-vous eu besoin de prendre vos distances avec le showbiz? <img decoding=\"async\" src=\"http:\/\/www.rogercomps.gq\/media\/catalog\/product\/cache\/5\/small_image\/400x\/9df78eab33525d08d6e5fb8d27136e95\/n\/o\/northern_frame_wandgarderobe_png.jpg.jpg\" alt=\"rencontre elsa glenn medeiros\" align=\"right\"> Lann\u00e9e 1991 voit le retour dElsa au cin\u00e9ma dans Le Retour de Casanova avec Alain Delon et Fabrice Luchini. La jeune artiste monte alors les marches du Festival de Cannes en 1992. Salon de tous les sujets hors 80s! Merci de mod\u00e9rer vos propos! Si vous poss\u00e9dez un compte, pour pouvoir poster avec votre compte. Le meilleur des ann\u00e9es 80 c\u00f4t\u00e9 musique avec les grands classiques mais aussi plein de raret\u00e9s introuvables ailleurs <img decoding=\"async\" src=\"http:\/\/www.rogercomps.gq\/media\/catalog\/product\/cache\/5\/small_image\/400x\/9df78eab33525d08d6e5fb8d27136e95\/u\/m\/umbra_hub_ladder_white_natural_320260-668_jpg.jpg.jpg\" alt=\"rencontre elsa glenn medeiros\" align=\"right\"> Mais un clash culturel profond entre une vision du cin\u00e9ma tr\u00e8s ind\u00e9pendante et auteuriste du Fran\u00e7ais et les m\u00e9thodes brutales du syst\u00e8me hollywoodien, se met en travers du projet, comme la racont\u00e9 Stan Lee : D\u00e9sol\u00e9s, il faut que nous nous assurions que vous n\u00eates pas un robot. Pour obtenir les meilleurs r\u00e9sultats, veuillez vous assurer que votre navigateur accepte les cookies. \u0395\u03b2\u03b4\u03bf\u03bc\u03bf\u03c2 \u03bf\u03b9\u03ba\u03bf\u03c2 \u03c3\u03c4\u03bf\u03c5\u03c2 \u03b9\u03c7\u03b8\u03b5\u03b9\u03c2 Powered by Atnet Communications A.E. Elsa atteint l\u00e2ge de 17ans. Elle demande son \u00e9mancipation et lobtient. Elle sach\u00e8te un appartement dans le m\u00eame immeuble que ses parents, quelle d\u00e9core dans le style ann\u00e9es 50. Son fils Luigi Kr\u00f6ner, d\u00e9j\u00e0 champion de France de kick-boxing en 2010, devient champion de France de Pancrace en 2012. <img decoding=\"async\" src=\"http:\/\/www.lionsclub-uupplands.ga\/medias\/images\/rues_de_delhi-pano.jpg\" alt=\"rencontre elsa glenn medeiros\" align=\"right\"> Entre 1991 et 1993, Glenn dispara\u00eet \u00e0 nouveau. Personne ne sait exactement ce quil fait. Deux titres sortent \u00e0 la suite de All Im missing is you, mais Glenn lui-m\u00eame a disparu. Glenn a enregistr\u00e9 une chanson intitul\u00e9e If looks could kill pour la bande originale dun film du m\u00eame nom en 1991, mais le titre ne sort pas en single. A la fin de lann\u00e9e suivante, cependant, il enregistre un duo avec Thomas Anders, chanteur des Modern Talking, intitul\u00e9 Standing alone, un titre dance avec un clip sympa. Le single remporte un succ\u00e8s modeste en Allemagne et en Autriche, et il annonce surtout que Glenn est sur le chemin du retour. Mais le titre ne sortira pas ici en Belgique avant janvier 1993. Puis, finalement, Glenn fait de nouveau lobjet darticles dans les magazines pour jeunes, et il raconte dans une interview pour la radio en avril 93 ce quil a fait pendant cette longue p\u00e9riode de silence. Il a lhabitude de chanter pour les petits.. Cette fois-ci, le chanteur Thierry Gali sassocie aux grands pour leur.. Image non disponible Photos non disponibles pour cette version Et\u00e9 88, son duo avec Glenn Medeiros Un roman damiti\u00e9 squatte la premi\u00e8re place des charts durant six semaines daffil\u00e9es.. La jolie et myst\u00e9rieuse brune devient lidole dune g\u00e9n\u00e9ration de lyc\u00e9ennes. Les midinettes se font des permanentes et se dessinent des taches de rousseur pour lui ressembler.. Elsa Lunghini a aussi un blogue photo n\u00e9 de ses exp\u00e9riences de voyage : En 1990, Elsa Lunghini sort son deuxi\u00e8me album, Rien que pour \u00e7a, dont sont extraits les titres Rien que pour \u00e7a, Pleure doucement et Quest-ce que \u00e7a peut lui faire? Bien que cet album rencontre moins de succ\u00e8s que le premier, il est tout de m\u00eame certifi\u00e9 disque de platine plus de 300 000 ventes et lui permet d\u00eatre, en novembre de cette m\u00eame ann\u00e9e, la plus jeune artiste \u00e0 laffiche de lOlympia de Paris en programme principal. Vous devez renseigner un pseudo Vous devez renseigner un pseudo \u03a6\u03c1\u03b5\u03c3\u03ba\u03bf\u03ba\u03bf\u03bc\u03bc\u03ad\u03bd\u03b1 \u03b1\u03bb\u03bb\u03b1\u03bd\u03c4\u03b9\u03ba\u03ac, \u03c6\u03c1\u03ad\u03c3\u03ba\u03b1 \u03bc\u03b1\u03bd\u03b9\u03c4\u03ac\u03c1\u03b9\u03b1, \u03ba\u03cc\u03ba\u03ba\u03b9\u03bd\u03b7 \u03c3\u03ac\u03bb\u03c4\u03c3\u03b1 \u03ba\u03b1\u03b9 \u03ba\u03c1\u03ad\u03bc\u03b1 \u03b3\u03ac\u03bb\u03b1\u03ba\u03c4\u03bf\u03c2 En ce moment sur M Radio La Musique revient vite.. Cet \u00e9chec nemp\u00eachera pas cette belle amiti\u00e9 franco-am\u00e9ricaine de se prolonger avec un traitement intitul\u00e9 The Inmates. En 1977, Stan Lee expliquait \u00e0 David Anthony Kraft que \u00e7a parlait de lhumanit\u00e9 toute enti\u00e8re, de la raison pour laquelle nous sommes sur Terre et de notre relation au reste de lunivers. \u00c7a part dune th\u00e9orie que je pense \u00eatre tr\u00e8s originale, tr\u00e8s inhabituelle. Mais cest fait en terme tr\u00e8s humain, comme une histoire normale. Ce nest pas de la grosse science-fiction conceptuelle. Son troisi\u00e8me album, Dans ma bulle, sest d\u00e9j\u00e0 vendu \u00e0 plus de 600 000 exemplaires. Double disque de platine, il a \u00e9t\u00e9 r\u00e9\u00e9dit\u00e9 en \u00e9dition collector avec un CD contenant six titres live enregistr\u00e9s \u00e0 la Nef dAngoul\u00eame lors de la tourn\u00e9e de printemps, Au Tour de ma bulle.Il permet \u00e9galement de se connecter dans la bulle de Diams sur son site Web officiel. En juillet 2006, Universal a choisit Diams pour \u00eatre directrice artistique de son nouveau label : Motown France, \u00e9manation du c\u00e9l\u00e8bre label am\u00e9ricain. Une s\u00e9lection personnalis\u00e9e des articles de Slate tous les matins dans votre bo\u00eete mail.  Cest dans le seizi\u00e8me arrondissement de Paris que na\u00eet Elsa Lunghini, le 20 mai 1973. Son p\u00e8re, George Lunghini, est com\u00e9dien, photographe et compositeur et sa m\u00e8re, Christiane Jobert s\u0153ur de lactrice Marl\u00e8ne Jobert est artiste peintre et sculptrice. Message en cas derreur au focus sur le champ Veuillez saisir le code de s\u00e9curit\u00e9 ci-dessous :   La relation quentretient depuis des ann\u00e9es le pr\u00e9sident de la R\u00e9publique fran\u00e7aise..<\/p>\n","protected":false},"excerpt":{"rendered":"<p>rencontre elsa glenn medeiros<\/p>\n","protected":false},"author":1,"featured_media":0,"comment_status":"closed","ping_status":"closed","sticky":false,"template":"","format":"standard","meta":{"neve_meta_sidebar":"","neve_meta_container":"","neve_meta_enable_content_width":"","neve_meta_content_width":0,"neve_meta_title_alignment":"","neve_meta_author_avatar":"","neve_post_elements_order":"","neve_meta_disable_header":"","neve_meta_disable_footer":"","neve_meta_disable_title":""},"categories":[1],"tags":[],"_links":{"self":[{"href":"http:\/\/lars-decker.de\/blogs\/wp-json\/wp\/v2\/posts\/2208"}],"collection":[{"href":"http:\/\/lars-decker.de\/blogs\/wp-json\/wp\/v2\/posts"}],"about":[{"href":"http:\/\/lars-decker.de\/blogs\/wp-json\/wp\/v2\/types\/post"}],"author":[{"embeddable":true,"href":"http:\/\/lars-decker.de\/blogs\/wp-json\/wp\/v2\/users\/1"}],"replies":[{"embeddable":true,"href":"http:\/\/lars-decker.de\/blogs\/wp-json\/wp\/v2\/comments?post=2208"}],"version-history":[{"count":1,"href":"http:\/\/lars-decker.de\/blogs\/wp-json\/wp\/v2\/posts\/2208\/revisions"}],"predecessor-version":[{"id":2209,"href":"http:\/\/lars-decker.de\/blogs\/wp-json\/wp\/v2\/posts\/2208\/revisions\/2209"}],"wp:attachment":[{"href":"http:\/\/lars-decker.de\/blogs\/wp-json\/wp\/v2\/media?parent=2208"}],"wp:term":[{"taxonomy":"category","embeddable":true,"href":"http:\/\/lars-decker.de\/blogs\/wp-json\/wp\/v2\/categories?post=2208"},{"taxonomy":"post_tag","embeddable":true,"href":"http:\/\/lars-decker.de\/blogs\/wp-json\/wp\/v2\/tags?post=2208"}],"curies":[{"name":"wp","href":"https:\/\/api.w.org\/{rel}","templated":true}]}}