{"id":2172,"date":"2020-06-23T18:27:41","date_gmt":"2020-06-23T18:27:41","guid":{"rendered":"http:\/\/lars-decker.de\/blogs\/?p=2172"},"modified":"2020-06-21T20:36:58","modified_gmt":"2020-06-21T20:36:58","slug":"rencontres-culturelles-vacances-pour-tous","status":"publish","type":"post","link":"http:\/\/lars-decker.de\/blogs\/2020\/06\/23\/rencontres-culturelles-vacances-pour-tous\/","title":{"rendered":"Rencontres Culturelles Vacances Pour Tous"},"content":{"rendered":"<p>Mutuelle Compl\u00e9mentaire des activit\u00e9s sociales de la Ville de Paris, de lAssistance Publique des Administrations Annexes-MCAS Paris <img decoding=\"async\" src=\"http:\/\/www.jeunes.villeurbanne.fr\/var\/villeurbanne-jeunes\/storage\/images\/toutes-mes-infos\/mes-loisirs\/animations-et-vacances\/7699-3-fre-FR\/Animations-et-vacances_full_factsheet.jpg\" alt=\"rencontres culturelles vacances pour tous\" align=\"right\"> <img decoding=\"async\" src=\"http:\/\/www.laligue38.org\/resources\/newscat\/photos\/b6\/thumbs\/445_0_57b2dd1435372_38504a4c02ca18bebb2c11fa350e6016a9e699b1.jpg\" alt=\"rencontres culturelles vacances pour tous\" align=\"right\"> Depuis le 1 er mai, le pays a lev\u00e9 les restrictions de d\u00e9placements et les interdictions de rassemblements. Ces derniers sont d\u00e9sormais autoris\u00e9s en respectant la limite de 10 personnes maximum. Les \u00e9l\u00e8ves de terminale passant leurs examens de fin d\u00e9tude reprennent le chemin des classes, dans des conditions am\u00e9nag\u00e9es. Les autres niveaux suivront progressivement. Ce centre propose des s\u00e9jours pour des jeunes de 7-17 ans Un rendez-vous hebdomadaire pour les jeunes de 13 \u00e0 25 ans qui souhaitent \u00e9changer leurs id\u00e9es et apprendre \u00e0 d\u00e9battre. Chaque semaine, un th\u00e8me diff\u00e9rent est propos\u00e9 accompagn\u00e9 dune petite.. En collaboration avec l\u00e9quipe de Denis Tribaudeau, sp\u00e9cialiste professionnel de la s.. Vos jeunes sont comp\u00e9tents, curieux, mais pas tr\u00e8s bien organis\u00e9s, ont envie de sexprimer mais le trac ou le manque de confiance en soi les bloquent. Ce stage va leur permettre de sam\u00e9liorer car l se gagne par la pratique r\u00e9guli\u00e8re dexercices pertinents. Un terrain, un sujet \u00e0 explorer en sappuyant sur les avanc\u00e9es des s\u00e9jours pr\u00e9c\u00e9dents. La situation du Loup dans l\u00e9cosyst\u00e8me des environs de Crupies au regard de la convention Internationale des Droits de la Nature. Une pr\u00e9sentation en fin de semaine dans la forme quils choisiront. Et parce que cest la pause automnale, retrouver les amis de l\u00e9t\u00e9.  Epanouissement gr\u00e2ce \u00e0 des activit\u00e9s sportives, culturelles et ludiques valorisantes. Sandals and Beaches Resorts met vos vacances de r\u00eave en mouvement-Blog sur les voyages Embarque pour un voyage lunaire, en compagnie dun intervenant astronome qui te fera.. Prendre en toute connaissance de cause les d\u00e9cisions qui nous concernent Acc\u00e9dez \u00e0 vos r\u00e9servations depuis votre espace client et t\u00e9l\u00e9chargez tous les documents utiles pour votre r\u00e9servation. Besoin daide? Contactez notre hotline de 9h \u00e0 18h au 01.43.64.04.64 vpt-individuelslaligue.org Pour voir la plaquette des s\u00e9jours 2020 Pour les ados Le Club ados Ce centre propose des s\u00e9jours pour des jeunes de 7-17 ans Vacances pour tous, un droit \u00e0 pr\u00e9server : s\u00e9jours \u00e9t\u00e9 Rencontres \u00e0 la bonne franquette autour dun plat de p\u00e2tes : <img decoding=\"async\" src=\"http:\/\/www.leolagrange.org\/wp-content\/uploads\/PHOTO-PAGE-3-Focus-Louvre-1-620x413.jpg\" alt=\"rencontres culturelles vacances pour tous\" align=\"right\">  Nous nous engageons sur les questions de tourisme social et denvironnement \u00e0 travers la Charte des Saisons Durables et d\u00e9fendons le droit aux vacances pour tous en partenariat avec la CAF, lANCAV et les ch\u00e8ques-vacances. Une semaine pas comme les autres pour d\u00e9couvrir en toute s\u00e9curit\u00e9 le m\u00e9tier dacteur.. Nous utilisons des cookies pour vous garantir la meilleure exp\u00e9rience sur notre site. Si vous continuez \u00e0 utiliser ce dernier, nous consid\u00e9rerons que vous acceptez lutilisation des cookies. Pour r\u00e9engager un dialogue de fond sur la mani\u00e8re dagir de concert pour que chacun puisse en b\u00e9n\u00e9ficier, nos quatre organisations lancent cet appel. Outre les nombreux h\u00f4tels et auberges disponibles dans la r\u00e9gion, le Centre de Vacances Musiflore o\u00f9 se situeront les s\u00e9jours, est \u00e9galement \u00e0 votre disposition pour la nuit du samedi au dimanche.  \u00c3laborer et mettre en place un Projet d\u00e2Animation Les transports en commun retrouvent petit \u00e0 petit leur fonctionnement normal. La SNCF, qui assurera 100 de son offre \u00e0 partir de la mi-juin a annonc\u00e9 que la restriction dun si\u00e8ge sur deux occup\u00e9 est lev\u00e9e d\u00e8s ce 2 juin. La r\u00e8gle du masque de protection impos\u00e9 \u00e0 toute personne de onze ans ou plus dans les moyens de transports publics est toujours en vigueur. En Ile-de-France, lattestation de d\u00e9placement dans les transports en commun aux heures de pointe reste \u00e9galement obligatoire au moins jusquau 22 juin. Profiter des bars et restaurants dans les zones vertes Une colo pour vivre comme un trappeur, exp\u00e9rimenter comme un scientifique, d\u00e9couvrir..<\/p>\n","protected":false},"excerpt":{"rendered":"<p>rencontres culturelles vacances pour tous<\/p>\n","protected":false},"author":1,"featured_media":0,"comment_status":"closed","ping_status":"closed","sticky":false,"template":"","format":"standard","meta":{"neve_meta_sidebar":"","neve_meta_container":"","neve_meta_enable_content_width":"","neve_meta_content_width":0,"neve_meta_title_alignment":"","neve_meta_author_avatar":"","neve_post_elements_order":"","neve_meta_disable_header":"","neve_meta_disable_footer":"","neve_meta_disable_title":""},"categories":[1],"tags":[],"_links":{"self":[{"href":"http:\/\/lars-decker.de\/blogs\/wp-json\/wp\/v2\/posts\/2172"}],"collection":[{"href":"http:\/\/lars-decker.de\/blogs\/wp-json\/wp\/v2\/posts"}],"about":[{"href":"http:\/\/lars-decker.de\/blogs\/wp-json\/wp\/v2\/types\/post"}],"author":[{"embeddable":true,"href":"http:\/\/lars-decker.de\/blogs\/wp-json\/wp\/v2\/users\/1"}],"replies":[{"embeddable":true,"href":"http:\/\/lars-decker.de\/blogs\/wp-json\/wp\/v2\/comments?post=2172"}],"version-history":[{"count":1,"href":"http:\/\/lars-decker.de\/blogs\/wp-json\/wp\/v2\/posts\/2172\/revisions"}],"predecessor-version":[{"id":2173,"href":"http:\/\/lars-decker.de\/blogs\/wp-json\/wp\/v2\/posts\/2172\/revisions\/2173"}],"wp:attachment":[{"href":"http:\/\/lars-decker.de\/blogs\/wp-json\/wp\/v2\/media?parent=2172"}],"wp:term":[{"taxonomy":"category","embeddable":true,"href":"http:\/\/lars-decker.de\/blogs\/wp-json\/wp\/v2\/categories?post=2172"},{"taxonomy":"post_tag","embeddable":true,"href":"http:\/\/lars-decker.de\/blogs\/wp-json\/wp\/v2\/tags?post=2172"}],"curies":[{"name":"wp","href":"https:\/\/api.w.org\/{rel}","templated":true}]}}