{"id":2158,"date":"2020-06-23T16:09:52","date_gmt":"2020-06-23T16:09:52","guid":{"rendered":"http:\/\/lars-decker.de\/blogs\/?p=2158"},"modified":"2020-06-21T20:16:59","modified_gmt":"2020-06-21T20:16:59","slug":"arles-rencontres","status":"publish","type":"post","link":"http:\/\/lars-decker.de\/blogs\/2020\/06\/23\/arles-rencontres\/","title":{"rendered":"Arles Rencontres"},"content":{"rendered":"<p>Publi\u00e9 le 22 ao\u00fbt 2018-Eric SEVEYRAT-ES-Limpressionnante structure de bambou d\u00e9di\u00e9e \u00e0 lexposition des photos de Matthieu Ricard Le photographe int\u00e9gr\u00e9 aux op\u00e9rations militaires fran\u00e7aises, signa des portraits de femmes alg\u00e9riennes devenus symboles de la lutte anticoloniale. Il est mort \u00e0 85 ans. Du mercredi 11 juillet au mercredi 29 ao\u00fbt inclus Du lundi au vendredi Pour son 20\u1d49 anniversaire, la Collection Lambert propose deux expositions construites \u00e0 partir des \u0153uvres du fonds permanent. Avoir 20 ans.. Vous poss\u00e9dez un compte Societe.com, merci de saisir votre mot de passe : <img decoding=\"async\" src=\"http:\/\/blog.picwant.com\/wp-content\/uploads\/2017\/07\/16_2017-Les-Rencontres-dArles-by-picker-leonia-bonetti.jpg\" alt=\"arles rencontres\" align=\"center\"> Pendant la semaine dinauguration, Les Rencontres dArles proposent pr\u00e8s de 100 \u00e9v\u00e9nements autour de la photographie : des soir\u00e9es de projections au Th\u00e9\u00e2tre Antique, un colloque, des d\u00e9bats et conf\u00e9rences, des lectures de portfolios permettent de confronter les divers courants de la photographie. Parmi les moments les plus marquants des derni\u00e8res Rencontres, on peut citer : la Nuit de lEurope 2008, qui a pr\u00e9sent\u00e9 un large panorama des identit\u00e9s photographiques europ\u00e9ennes ; le d\u00e9fil\u00e9 spectacle cr\u00e9\u00e9 par Christian Lacroix pour la soir\u00e9e de cl\u00f4ture du festival 2008; et le concert de Patti Smith \u00e0 loccasion de lanniversaire des 20 ans de lagence Vu 2006. L association Pays dArles Je veux d\u00e9cider a tenu son assembl\u00e9e g\u00e9n\u00e9rale constitutive le 9 Novembre dernier, en Les Rencontres ne sont pas un festival gratuit, loin de l\u00e0. Lacc\u00e8s \u00e0 lensemble des expositions est payant et il existe de nombreuses formules, en fonction de ce vous d\u00e9sirez voir et du temps que vous comptez rester. Nous vous proposons ici loption la plus \u00e9conomique pour ce programme dune journ\u00e9e que nous vous avons concoct\u00e9. Si vous commandez \u00e0 lavance, vous b\u00e9n\u00e9ficierez de r\u00e9ductions. Pour ce tour LesNums en une journ\u00e9e, nous vous conseillons de prendre le forfait toutes expositions 1 journ\u00e9e, qui vous co\u00fbtera plein tarif 28. Gr\u00e2ce \u00e0 lui, vous pourrez acc\u00e9der \u00e0 toutes les expositions des Rencontres, mais attention, vous ne pourrez les visiter quune seule fois dans la journ\u00e9e. Raymond Depardon, Une journ\u00e9e au SHAPE Rocquencourt, 1962 TAMECPADD\u00e9fensePAR 79-8 Mary McNamara vit avec ses parents dans un village irlandais. Elle est brutalis\u00e9e et abus\u00e9e sexuellement par son p\u00e8re, \u00e0 qui elle doit tenir compagnie apr\u00e8s la mort de sa m\u00e8re. Tombant enceinte, elle d\u00e9cide daller se faire avorte.. <img decoding=\"async\" src=\"http:\/\/www.loeil2fred.com\/wp-content\/uploads\/2013\/08\/dscf4592.jpg\" alt=\"arles rencontres\" align=\"right\">   Le Criquet : Ce nest pas ladresse la plus tendance niveau d\u00e9co dArles mais s\u00fbrement la meilleure. Parmi les premi\u00e8res sur Tripadvisor, on la d\u00e9couverte sur ; le site qui r\u00e9pertorie les bonnes adresses des r\u00e9sidents des Bouches-du-Rh\u00f4ne. Les conseils \u00e9taient avis\u00e9s. Cest une tuerie. Artichaut farci au ch\u00e8vre en entr\u00e9e, daube camarguaise en plat Vous serez d\u00e9j\u00e0 plus que rassasi\u00e9s et totalement conquis. Cette adresse est une institution depuis des ann\u00e9es. A l\u00e9poque, la tenanci\u00e8re \u00e9tait un personnage \u00e0 part et nh\u00e9sitait pas \u00e0 virer les gens pour le 2e service, il y avait une r\u00e9elle file dattente devant le restaurant. D\u00e9sormais, une adorable famille a repris le lieu et des clients reviennent avec des photos dil y a 40 ans tellement le restaurant les a marqu\u00e9s. Si maintenant le personnel est plus que chaleureux, la qualit\u00e9 est la m\u00eame. En plus pour les beaux jours, il y a une terrasse tr\u00e8s sympa. Mais pensez \u00e0 r\u00e9server Le fait, pour toute personne, de pr\u00e9senter \u00e0 LaProvence.com un contenu ou activit\u00e9 comme illicite dans le but den obtenir le retrait ou den faire cesser Les rencontres de la photographie dArles-Archives vid\u00e9o et radio Ina.fr \u00c9merveillez vous devant les nombreux endroits extra-ordinaires que la ville poss\u00e8de en son sein. Pour les soir\u00e9es de projections au Th\u00e9\u00e2tre antique, idem, finies les broncas que tout directeur artistique a essuy\u00e9 un ou plusieurs soirs ; on applaudit quasiment toutes les projections. Ou lon reste poli. Lessentiel de lactualit\u00e9 sociale chaque vendredi! Avec GEO, partez, chaque mois, \u00e0 la d\u00e9couverte du monde!  <img decoding=\"async\" src=\"http:\/\/www.bestarchidesign.com\/wp-content\/uploads\/2018\/07\/arles-photo-luma-prune-nourry-02.jpg\" alt=\"arles rencontres\" align=\"left\">.<\/p>\n","protected":false},"excerpt":{"rendered":"<p>arles rencontres<\/p>\n","protected":false},"author":1,"featured_media":0,"comment_status":"closed","ping_status":"closed","sticky":false,"template":"","format":"standard","meta":{"neve_meta_sidebar":"","neve_meta_container":"","neve_meta_enable_content_width":"","neve_meta_content_width":0,"neve_meta_title_alignment":"","neve_meta_author_avatar":"","neve_post_elements_order":"","neve_meta_disable_header":"","neve_meta_disable_footer":"","neve_meta_disable_title":""},"categories":[1],"tags":[],"_links":{"self":[{"href":"http:\/\/lars-decker.de\/blogs\/wp-json\/wp\/v2\/posts\/2158"}],"collection":[{"href":"http:\/\/lars-decker.de\/blogs\/wp-json\/wp\/v2\/posts"}],"about":[{"href":"http:\/\/lars-decker.de\/blogs\/wp-json\/wp\/v2\/types\/post"}],"author":[{"embeddable":true,"href":"http:\/\/lars-decker.de\/blogs\/wp-json\/wp\/v2\/users\/1"}],"replies":[{"embeddable":true,"href":"http:\/\/lars-decker.de\/blogs\/wp-json\/wp\/v2\/comments?post=2158"}],"version-history":[{"count":1,"href":"http:\/\/lars-decker.de\/blogs\/wp-json\/wp\/v2\/posts\/2158\/revisions"}],"predecessor-version":[{"id":2159,"href":"http:\/\/lars-decker.de\/blogs\/wp-json\/wp\/v2\/posts\/2158\/revisions\/2159"}],"wp:attachment":[{"href":"http:\/\/lars-decker.de\/blogs\/wp-json\/wp\/v2\/media?parent=2158"}],"wp:term":[{"taxonomy":"category","embeddable":true,"href":"http:\/\/lars-decker.de\/blogs\/wp-json\/wp\/v2\/categories?post=2158"},{"taxonomy":"post_tag","embeddable":true,"href":"http:\/\/lars-decker.de\/blogs\/wp-json\/wp\/v2\/tags?post=2158"}],"curies":[{"name":"wp","href":"https:\/\/api.w.org\/{rel}","templated":true}]}}