{"id":2156,"date":"2020-06-23T03:15:22","date_gmt":"2020-06-23T03:15:22","guid":{"rendered":"http:\/\/lars-decker.de\/blogs\/?p=2156"},"modified":"2020-06-21T20:15:47","modified_gmt":"2020-06-21T20:15:47","slug":"site-de-rencontre-bucarest","status":"publish","type":"post","link":"http:\/\/lars-decker.de\/blogs\/2020\/06\/23\/site-de-rencontre-bucarest\/","title":{"rendered":"Site De Rencontre Bucarest"},"content":{"rendered":"<p> Le dialogue citoyen \u00e0 la nantaise repose sur trois axes fondamentaux : la co-construction des politiques publiques, le dialogue citoyen de quartier et la ville collaborative. L\u00e9mission Chr\u00e9tiens orientaux du jeudi 30 mai \u00e0 9h30, sur France 2, sera consacr\u00e9e au martyre de l\u00c9glise gr\u00e9co-catholique roumaine 1. Introduction a la bi\u00e8re Roumaine sinon, continuation.. \u039a\u03b1\u03bd\u03bf\u03bd\u03b9\u03ba\u03ae \u03c4\u03b9\u03bc\u03ae: \u03c7\u03bf\u03c1\u03ae\u03b3\u03b7\u03c3\u03b7 \u03b1\u03c0\u03bf\u03b4\u03b5\u03b9\u03ba\u03c4\u03b9\u03ba\u03bf\u03cd \u03c6\u03bf\u03c1\u03bf\u03bb\u03bf\u03b3\u03b9\u03ba\u03ae\u03c2 \u03b5\u03bd\u03b7\u03bc\u03b5\u03c1\u03cc\u03c4\u03b7\u03c4\u03b1\u03c2 69,99 \u0397 \u03c4\u03b9\u03bc\u03ae \u03bc\u03b1\u03c2: \u03bf\u03c1\u03b9\u03b5\u03bd\u03c4\u03b1\u03bb \u03b3\u03b9\u03b1 \u03b1\u03c1\u03c7\u03b1\u03c1\u03b9\u03bf\u03c5\u03c2 \u03b8\u03b1\u03c5\u03bc\u03b1\u03c4\u03bf\u03c5\u03c1\u03b3\u03b5\u03c2 \u03b5\u03b9\u03ba\u03bf\u03bd\u03b5\u03c2 \u03c3\u03c4\u03b7\u03bd \u03b5\u03bb\u03bb\u03b1\u03b4\u03b1 57,95 Bien s\u00fbr! Vous pouvez effectuer une location en aller-simple one-way entre deux agences SIXT. Il vous suffit de s\u00e9lectionner votre agence de prise en charge et de restitution au moment de votre recherche, si ce trajet est admis par nos conditions g\u00e9n\u00e9rales, vous obtiendrez une offre. Nous vous rappelons quen fonction de votre demande, des frais suppl\u00e9mentaires peuvent sappliquer. Le monde des for\u00eats sauvages recule rapidement, Le Monde, 16 janvier 2017 Bagageries horaires douverture modifi\u00e9s etou r\u00e9serv\u00e9s aux usagers :  Que nenni! Comme dirait notre Cloclo national RIP elles sont toutes belles, belles comme le jour ah mince, jai oubli\u00e9 un belle. Est-ce que vous aide alimentaire pendant l\u00e9pid\u00e9mie de COVID-19 \u00e7a concerne m\u00eame les \u00e9tudiants \u00e9trangers en difficult\u00e9 <img decoding=\"async\" src=\"http:\/\/adjecetival.tk\/articles\/tableaux\/zoom\/Lithographie-paul-JOUVE_6088.jpg\" alt=\"site de rencontre bucarest\" align=\"right\"> et ro, sur, juillet 2013 consult\u00e9 le 15 f\u00e9vrier 2016. Une composante et li\u00e9e aux origines rurales des apr\u00e8s leffondrement de l, composante qui, sous linfluence des nationalismes europ\u00e9ens du XIX e si\u00e8cle, a \u00e9volu\u00e9 en dabord \u00e0 partir de 1880, puis et intol\u00e9rant \u00e0 partir des ann\u00e9es 1930 ; prise en compte des besoins de lenfant sont primordiaux. Le temps est venu pour moi de quitter la Roumanie. Apr\u00e8s 2 ans et demi pass\u00e9 ici, \u00e0 fr\u00e9quenter ce Meetup, rencontrer un grand nombre dentre vous, je dois poursuivre ma progression professionnelle et malheureusement changer de pays. C\u00e9tait un r\u00e9el plaisir de vous retrouver m\u00eame si mon emploi du temps ne me permet pas souvent d\u00eatre pr\u00e9sent. Une d\u00e9dicace sp\u00e9ciale pour Tudor, une personne formidable. D\u00e9vou\u00e9e \u00e0 ce Meetup, toujours \u00e0 l\u00e9coute de ses membres, nous nous connaissons depuis le d\u00e9but de cette aventure et je ne toublierai pas. Cette exp\u00e9rience \u00e0 Bucuresti restera grav\u00e9e dans mes souvenirs. B\u00e9n\u00e9ficier dentretiens BtoB avec les d\u00e9cideurs roumains invit\u00e9s \u00e0 Paris \u00e0 cette occasion. \u039b\u03ac\u03b2\u03b5\u03c4\u03b5 \u03c5\u03c0\u03cc\u03c8\u03b9\u03bd: \u03b1\u03c5\u03c4\u03ae \u03b7 \u03bc\u03c0\u03b1\u03c4\u03b1\u03c1\u03af\u03b1 \u03bc\u03c0\u03bf\u03c1\u03b5\u03af \u03bd\u03b1 \u03c6\u03bf\u03c1\u03c4\u03af\u03c3\u03b5\u03b9 \u03ad\u03bd\u03b1 \u03bb\u03ac\u03c0\u03c4\u03bf\u03c0 \u03bc\u03ad\u03c7\u03c1\u03b9 65W. \u039b\u03ac\u03c0\u03c4\u03bf\u03c0 \u03c0\u03bf\u03c5 \u03b1\u03c0\u03b1\u03b9\u03c4\u03bf\u03cd\u03bd \u03c0\u03b5\u03c1\u03b9\u03c3\u03c3\u03cc\u03c4\u03b5\u03c1\u03b7 \u03b5\u03bd\u03ad\u03c1\u03b3\u03b5\u03b9\u03b1 \u03bc\u03c0\u03bf\u03c1\u03b5\u03af \u03bd\u03b1 \u03c6\u03bf\u03c1\u03c4\u03af\u03b6\u03bf\u03c5\u03bd \u03c0\u03b9\u03bf \u03b1\u03c1\u03b3\u03ac: Le centre accueille chaque jour des enfants \u00e2g\u00e9s de 0 \u00e0 18 <img decoding=\"async\" src=\"http:\/\/www.thinkmaya.com\/wp-content\/uploads\/2013\/11\/IMG_4330.jpg\" alt=\"site de rencontre bucarest\" align=\"right\"> Ensemble, ils ont mont\u00e9 un espace de COTRAVAIL \u00e0 Lille. Malheureusement, je pense que _ cest dans notre ADN_, cette habitude de donner lenveloppe, rench\u00e9rit Dan, le mari dOana. Je connais des cas o\u00f9 m\u00eame dans le priv\u00e9, on est pr\u00eat \u00e0 verser un dessous de table, alors que tout est d\u00e9j\u00e0 pay\u00e9! Il faudra peut-\u00eatre encore une g\u00e9n\u00e9ration pour que nos enfants soient d\u00e9livr\u00e9s de cette plaie. Drame du Colectiv : pas dissue de secours, 64 morts  <img decoding=\"async\" src=\"http:\/\/www.adjjust.tk\/wp-content\/uploads\/2015\/08\/STEVE-JOBS-Affiche-France.jpg\" alt=\"site de rencontre bucarest\" align=\"left\"> Notre derni\u00e8re Newsletter vient de para\u00eetre, cliquez ici pour la consulter : Les Rencontres Francophones cherchent des organisateurs!<\/p>\n","protected":false},"excerpt":{"rendered":"<p>site de rencontre bucarest<\/p>\n","protected":false},"author":1,"featured_media":0,"comment_status":"closed","ping_status":"closed","sticky":false,"template":"","format":"standard","meta":{"neve_meta_sidebar":"","neve_meta_container":"","neve_meta_enable_content_width":"","neve_meta_content_width":0,"neve_meta_title_alignment":"","neve_meta_author_avatar":"","neve_post_elements_order":"","neve_meta_disable_header":"","neve_meta_disable_footer":"","neve_meta_disable_title":""},"categories":[1],"tags":[],"_links":{"self":[{"href":"http:\/\/lars-decker.de\/blogs\/wp-json\/wp\/v2\/posts\/2156"}],"collection":[{"href":"http:\/\/lars-decker.de\/blogs\/wp-json\/wp\/v2\/posts"}],"about":[{"href":"http:\/\/lars-decker.de\/blogs\/wp-json\/wp\/v2\/types\/post"}],"author":[{"embeddable":true,"href":"http:\/\/lars-decker.de\/blogs\/wp-json\/wp\/v2\/users\/1"}],"replies":[{"embeddable":true,"href":"http:\/\/lars-decker.de\/blogs\/wp-json\/wp\/v2\/comments?post=2156"}],"version-history":[{"count":1,"href":"http:\/\/lars-decker.de\/blogs\/wp-json\/wp\/v2\/posts\/2156\/revisions"}],"predecessor-version":[{"id":2157,"href":"http:\/\/lars-decker.de\/blogs\/wp-json\/wp\/v2\/posts\/2156\/revisions\/2157"}],"wp:attachment":[{"href":"http:\/\/lars-decker.de\/blogs\/wp-json\/wp\/v2\/media?parent=2156"}],"wp:term":[{"taxonomy":"category","embeddable":true,"href":"http:\/\/lars-decker.de\/blogs\/wp-json\/wp\/v2\/categories?post=2156"},{"taxonomy":"post_tag","embeddable":true,"href":"http:\/\/lars-decker.de\/blogs\/wp-json\/wp\/v2\/tags?post=2156"}],"curies":[{"name":"wp","href":"https:\/\/api.w.org\/{rel}","templated":true}]}}