{"id":2154,"date":"2020-06-23T06:41:14","date_gmt":"2020-06-23T06:41:14","guid":{"rendered":"http:\/\/lars-decker.de\/blogs\/?p=2154"},"modified":"2020-06-21T20:15:14","modified_gmt":"2020-06-21T20:15:14","slug":"caen-rencontre-premiere","status":"publish","type":"post","link":"http:\/\/lars-decker.de\/blogs\/2020\/06\/23\/caen-rencontre-premiere\/","title":{"rendered":"Caen Rencontre Premiere"},"content":{"rendered":"<p>Normandie am\u00e9nagement est lam\u00e9nageur du programme dagrandissement du campus Effiscience. Caen : apr\u00e8s une premi\u00e8re \u00e9dition r\u00e9ussie en 2017, 24 Heures pour lEmploi et la Formation revient en 2018-Normandinamik Le dernier match nest quune formalit\u00e9, Caen gagne 3 \u00e0 0 contre Cannes et finit 16eme. <img decoding=\"async\" src=\"http:\/\/www.astroclubdelagirafe.fr\/wp-content\/uploads\/rac_2017.jpg\" alt=\"caen rencontre premiere\" align=\"center\"> Jai trouv\u00e9 la journ\u00e9e tr\u00e8s enrichissante. Jai \u00e9norm\u00e9ment appris. Beaucoup de rythme car beaucoup dinfos! Je recommanderai fortement \u00e0 tous mes amis!Tr\u00e8s bonne ambiance, merci! 1920 Bienvenue sur la page officielle de la ville dH\u00e9rouville Saint-Clair. 2 juillet : La voie verte cyclo-p\u00e9destre de 4,3 km reliant Colombelles \u00e0 Mondeville est inaugur\u00e9e budget engag\u00e9 : 1 145 000.  Septembre : Une classe Th\u00e9\u00e2tre est d\u00e9sormais accessible au Conservatoire de Caen la mer qui compl\u00e8te, avec lart dramatique, sa gamme denseignements. <img decoding=\"async\" src=\"http:\/\/footballstories.konbini.com\/files\/2017\/10\/pape-diouf.jpg\" alt=\"caen rencontre premiere\" align=\"center\">   Merci encore M. LEBON pour votre disponibilit\u00e9, votre patience, votre gentillesse et lAmour inconditionnel que vous mettez dans le partage de vos connaissances. Un travail minutieux a permis larrestation dun suspect qui a fini par avouer vainqueurs, en \u00e9crasant d\u00e9finitivement le portail. Un quart de tour sur la La\u00e9roport de Caen-Carpiquet emm\u00e9nage dans ses nouveaux locaux, sur MaLigue2, 31 mai 2019 consult\u00e9 le 4 juin 2019 <img decoding=\"async\" src=\"http:\/\/www.madeinfoot.com\/img\/photos\/ligue-1\/2015\/zoom\/joie-marseille-nicolas-nkoulou-10-05-2015-marseille--monaco-36eme-journee-de-ligue-1-20150710160719-4540.jpg\" alt=\"caen rencontre premiere\" align=\"left\"> de la p\u00e9n\u00e9tration britannique par le Nord de Caen. AlternatibaR : Jeudi 2805 \u00e0 19h30 \u00e0 la Bulle ex-\u00e9tage du Caf\u00e9 Sauvage 9, Place du 36\u00e8me R\u00e9giment dInfanterie \u00e0 Caen 8 au 11 mars : Caen la mer de nouveau pr\u00e9sente aux c\u00f4t\u00e9s de Rouen et Le Havre au MIPIM, salon international de limmobilier \u00e0 Cannes. 12 d\u00e9cembre : nouveau sur le r\u00e9seau Twisto lachat de titre de transport par SMS Le r\u00e9seau de cr\u00e9ation et daccompagnement p\u00e9dagogique-R\u00e9seau Canop\u00e9 rejoignez le seul r\u00e9seau de distribution de produits certifi\u00e9s Origine France Garantie Montreuil : Une journ\u00e9e \u00e0 un rythme soutenu et un contenu plein dastuces et dinformations! le retour sur exp\u00e9rience dun papa aguerri nous permet d\u00eatre dans le bain tout de suite. Cest eficace et utile je le recommanderai Merci. Que les d\u00e9mineurs du G\u00e9nie aient reconnu la chauss\u00e9e les En 2011, un collectif baptis\u00e9 Esprit Malherbe fait son apparition. Il lance un site Internet humoristique qui conna\u00eet un certain succ\u00e8s. Un groupe proche dEsprit Malherbe signe la r\u00e9daction de lencyclop\u00e9die du centenaire du SM Caen, distribu\u00e9e par le club \u00e0 partir de lautomne 2013. En 2014, le collectif devient We Are Malherbe WAM. Il conna\u00eet avec la promotion du club en Ligue 1 une notori\u00e9t\u00e9 croissante,. Lorsque vous naviguez sur notre site internet, des informations sont susceptibles d\u00eatre enregistr\u00e9es, ou lues, dans votre terminal, sous r\u00e9serve de vos choix. Acceptez-vous le d\u00e9p\u00f4t et la lecture de cookies afin que nous et nos partenaires puissions analyser vos centres dint\u00e9r\u00eats pour vous proposer des publicit\u00e9s personnalis\u00e9es? Si la popularit\u00e9 du football tient notamment \u00e0 sa capacit\u00e9 de symbolisation des appartenances collectives, le support\u00e9risme mobilise de mani\u00e8re ostentatoire les identit\u00e9s locales et r\u00e9gionales. Relisant lhistoire de leur ville et de leur r\u00e9gion, sidentifiant \u00e0 leur cit\u00e9, dont ils se per\u00e7oivent comme les plus ardents d\u00e9fenseurs, les supporters du Malherbe Normandy Kop trouvent l\u00e0 une mani\u00e8re de se diff\u00e9rencier et de sopposer en exprimant leurs singularit\u00e9s, notamment vis-\u00e0-vis des partisans havrais. Ce bricolage identitaire poss\u00e8de une valeur ajout\u00e9e : il permet de construire \u00e0 peu de frais une cause \u00e0 d\u00e9fendre et dinscrire leur combat dans une histoire ancienne.<\/p>\n","protected":false},"excerpt":{"rendered":"<p>caen rencontre premiere<\/p>\n","protected":false},"author":1,"featured_media":0,"comment_status":"closed","ping_status":"closed","sticky":false,"template":"","format":"standard","meta":{"neve_meta_sidebar":"","neve_meta_container":"","neve_meta_enable_content_width":"","neve_meta_content_width":0,"neve_meta_title_alignment":"","neve_meta_author_avatar":"","neve_post_elements_order":"","neve_meta_disable_header":"","neve_meta_disable_footer":"","neve_meta_disable_title":""},"categories":[1],"tags":[],"_links":{"self":[{"href":"http:\/\/lars-decker.de\/blogs\/wp-json\/wp\/v2\/posts\/2154"}],"collection":[{"href":"http:\/\/lars-decker.de\/blogs\/wp-json\/wp\/v2\/posts"}],"about":[{"href":"http:\/\/lars-decker.de\/blogs\/wp-json\/wp\/v2\/types\/post"}],"author":[{"embeddable":true,"href":"http:\/\/lars-decker.de\/blogs\/wp-json\/wp\/v2\/users\/1"}],"replies":[{"embeddable":true,"href":"http:\/\/lars-decker.de\/blogs\/wp-json\/wp\/v2\/comments?post=2154"}],"version-history":[{"count":1,"href":"http:\/\/lars-decker.de\/blogs\/wp-json\/wp\/v2\/posts\/2154\/revisions"}],"predecessor-version":[{"id":2155,"href":"http:\/\/lars-decker.de\/blogs\/wp-json\/wp\/v2\/posts\/2154\/revisions\/2155"}],"wp:attachment":[{"href":"http:\/\/lars-decker.de\/blogs\/wp-json\/wp\/v2\/media?parent=2154"}],"wp:term":[{"taxonomy":"category","embeddable":true,"href":"http:\/\/lars-decker.de\/blogs\/wp-json\/wp\/v2\/categories?post=2154"},{"taxonomy":"post_tag","embeddable":true,"href":"http:\/\/lars-decker.de\/blogs\/wp-json\/wp\/v2\/tags?post=2154"}],"curies":[{"name":"wp","href":"https:\/\/api.w.org\/{rel}","templated":true}]}}