{"id":2132,"date":"2020-06-23T00:00:15","date_gmt":"2020-06-23T00:00:15","guid":{"rendered":"http:\/\/lars-decker.de\/blogs\/?p=2132"},"modified":"2020-06-21T19:51:39","modified_gmt":"2020-06-21T19:51:39","slug":"programme-rencontre-du-cinema-gerardmer","status":"publish","type":"post","link":"http:\/\/lars-decker.de\/blogs\/2020\/06\/23\/programme-rencontre-du-cinema-gerardmer\/","title":{"rendered":"Programme Rencontre Du Cinema Gerardmer"},"content":{"rendered":"<p>Fondateur de lInternationale situationniste, th\u00e9oricien de la soci\u00e9t\u00e9 du spectacle, Guy Debord 1931-1994 est lauteur dune \u0153uvre cin\u00e9matographique serr\u00e9e trois longs m\u00e9trages, trois courts et subversive, qui jumelle avec ses \u00e9crits. Son but : arracher le spectateur de cin\u00e9ma \u00e0 la passivit\u00e9 et lali\u00e9nation impos\u00e9e par lordre spectaculaire marchand, lengager dans un rapport nouveau \u00e0 partir duquel repenser la vie et la soci\u00e9t\u00e9. Les Journ\u00e9es professionnelles du cin\u00e9ma et de lAV du Grand Est <img decoding=\"async\" src=\"http:\/\/s-www.vosgesmatin.fr\/images\/DA2F2F7A-8028-4FCA-AD76-2D2918ACF909\/VOM_19\/michel-martino-a-vu-ses-indemnites-suspendues-entre-le-13-aout-et-le-10-octobre-2012-ces-dernieres-ont-ensuite-repris-mais-depuis-fin-aout-2013-il-rencontre-le-meme-probleme-(photo-j-c-ole)-1433508674.jpg\" alt=\"programme rencontre du cinema gerardmer\" align=\"center\"> Synopsis : La vie nest pas si tranquille dans les banlieues r\u00e9sidentielles R\u00e9veill\u00e9e au milieu de la nuit, Sara trouve ses parents ligot\u00e9s \u00e0 leur lit par un terrifiant intrus qui lui laisse, \u00e0 elle, 60 secondes pour choisir lequel de ses deux parents doit mourir. Si elle nen choisit aucun, les deux p\u00e9riront entre les mains de ce d\u00e9traqu\u00e9. Qui est cet homme balafr\u00e9 et pourquoi a-t-il choisi pour victimes Sara et sa famille? 10h30 \u00e0 12h00 : 3 ateliers \u00e9ducation \u00e0 limage et formation, patrimoine, productiondiffusion 19h30 Victor et C\u00e9lia Com\u00e9die, en pr\u00e9sence du r\u00e9alisateur Pierre Jolivet Jeudi 4 avril En r\u00e9sum\u00e9 : DE DANGEREUX D\u00c9SIRS, DES SECRETS DE FAMILLE ET DES INTRIGUES POLITIQUES \u00c9MAILLENT CHAQUE INSTANT DAUDACIEUSE CHOR\u00c9GRAPHIE DE CE BALLET DE KENNETH MACMILLAN INSPIR\u00c9 DUNE HISTOIRE VRAIE. Activer JavaScript dans votre navigateur pour acc\u00e9der \u00e0 linscription sur notre site G\u00e9rardmer, la Perle des Vosges, invite les visiteurs Le cin\u00e9ma r\u00e9cent avec plus de 300 films in\u00e9dits par an disponibles en replay pendant plusieurs mois.  et Martine Delahaye,, 5 avril 2018 consult\u00e9 le 28 avril 2020. R\u00e9duit 13 sur pr\u00e9sentation des r\u00e9ductions habituelles-en cours de validit\u00e9 2007 : Infanticides, \u00e9ditions Sc\u00e8nes de Crime, collection Histoires Vraies, n o 18, ouvrage \u00e9crit sous le pseudonyme \u00c9tienne Jallieu Un fantasme dimaginaire hybride entre Europe et \u00c9tats-Unis D\u00e9veloppement, Tourisme, agriculture, soutien, zone dactivit\u00e9s.. Nombreux producteurs locaux et artisans: munster, escargots, confiture, miel, ap\u00e9ritifs, bi\u00e8re locale, fromage de ch\u00e8vre, tisane.. Animations, buvette et petite restauration. Le r\u00e9alisateur a re\u00e7u deux fois la Palme dOr au festivals de Cannes de 1974 et 1979.   cest chaque vendredi aux alentours de 19h-19h30 Ce rendez-vous, organis\u00e9 par la Maison de la Culture et des Loisirs, va r\u00e9jouir les graines de cin\u00e9philes comme les plus grands <img decoding=\"async\" src=\"http:\/\/www.mahshables.ga\/media\/2018\/4%20-%20Avril\/Air_France_Paddle_Festival_2018_2__crop_215x147.jpg\" alt=\"programme rencontre du cinema gerardmer\" align=\"left\"> <img decoding=\"async\" src=\"http:\/\/s-www.vosgesmatin.fr\/images\/1101D72D-BD21-4094-8ED4-AD31D13DF9E5\/VOM_15\/a-l-alhambra-(vittel)-1464618794.jpg\" alt=\"programme rencontre du cinema gerardmer\" align=\"left\"> une s\u00e9ance anim\u00e9e et organis\u00e9e avec lassociation AFDN : contribution \u00e0 la bible du porno : Le Cin\u00e9ma X, \u00e9dit\u00e9e par, sous la direction du fran\u00e7ais, et co\u00e9crit avec Henri Gigoux et les critiques, et Didier Roth-Bettoni.<\/p>\n","protected":false},"excerpt":{"rendered":"<p>programme rencontre du cinema gerardmer<\/p>\n","protected":false},"author":1,"featured_media":0,"comment_status":"closed","ping_status":"closed","sticky":false,"template":"","format":"standard","meta":{"neve_meta_sidebar":"","neve_meta_container":"","neve_meta_enable_content_width":"","neve_meta_content_width":0,"neve_meta_title_alignment":"","neve_meta_author_avatar":"","neve_post_elements_order":"","neve_meta_disable_header":"","neve_meta_disable_footer":"","neve_meta_disable_title":""},"categories":[1],"tags":[],"_links":{"self":[{"href":"http:\/\/lars-decker.de\/blogs\/wp-json\/wp\/v2\/posts\/2132"}],"collection":[{"href":"http:\/\/lars-decker.de\/blogs\/wp-json\/wp\/v2\/posts"}],"about":[{"href":"http:\/\/lars-decker.de\/blogs\/wp-json\/wp\/v2\/types\/post"}],"author":[{"embeddable":true,"href":"http:\/\/lars-decker.de\/blogs\/wp-json\/wp\/v2\/users\/1"}],"replies":[{"embeddable":true,"href":"http:\/\/lars-decker.de\/blogs\/wp-json\/wp\/v2\/comments?post=2132"}],"version-history":[{"count":1,"href":"http:\/\/lars-decker.de\/blogs\/wp-json\/wp\/v2\/posts\/2132\/revisions"}],"predecessor-version":[{"id":2133,"href":"http:\/\/lars-decker.de\/blogs\/wp-json\/wp\/v2\/posts\/2132\/revisions\/2133"}],"wp:attachment":[{"href":"http:\/\/lars-decker.de\/blogs\/wp-json\/wp\/v2\/media?parent=2132"}],"wp:term":[{"taxonomy":"category","embeddable":true,"href":"http:\/\/lars-decker.de\/blogs\/wp-json\/wp\/v2\/categories?post=2132"},{"taxonomy":"post_tag","embeddable":true,"href":"http:\/\/lars-decker.de\/blogs\/wp-json\/wp\/v2\/tags?post=2132"}],"curies":[{"name":"wp","href":"https:\/\/api.w.org\/{rel}","templated":true}]}}