{"id":2112,"date":"2020-06-23T18:13:32","date_gmt":"2020-06-23T18:13:32","guid":{"rendered":"http:\/\/lars-decker.de\/blogs\/?p=2112"},"modified":"2020-06-21T19:28:52","modified_gmt":"2020-06-21T19:28:52","slug":"rencontre-libanais-en-france","status":"publish","type":"post","link":"http:\/\/lars-decker.de\/blogs\/2020\/06\/23\/rencontre-libanais-en-france\/","title":{"rendered":"Rencontre Libanais En France"},"content":{"rendered":"<p>La confirmation vous sera demand\u00e9e \u00e0 lentr\u00e9e imprim\u00e9e sur une feuille ou directement sur votre t\u00e9l\u00e9phone. SANS CETTE CONFIRMATION, IL VOUS SERA IMPOSSIBLE DASSISTER \u00c0 LA MESSE. Des b\u00e9n\u00e9voles seront pr\u00e9sents pour vous accueillir. Pri\u00e8re de suivre leurs consignes \u00e0 la lettre. Les c\u00e9l\u00e9brations ont eu lieu au palais de justice de Beyrouth, sous le haut patronage et en la pr\u00e9sence du pr\u00e9sident de la R\u00e9publique libanaise Michel Aoun, du pr\u00e9sident du parlement, du Premier ministre, du ministre de la Justice et des pr\u00e9sidents des tribunaux du Liban. C\u00e9r\u00e9monie officielle du centenaire du barreau de Beyrouth Bruno Foucher, ambassadeur de France au Liban, a fait partie des personnalit\u00e9s interview\u00e9es par les jeunes reporters internationaux JRI de lAEFE. AEFE Dune place des martyrs \u00e0 une place martyr-15h-Auditorium Germain Tillion-86-Rencontre-conf\u00e9rence Par Fadi Yeni Turk, r\u00e9alisateur. 27 Juin 2016-P\u00e9trole et Gaz au Liban-Conf\u00e9rence de M. Nicolas Sarkis Notre ambassadrice Charlotte_G_F \u00e0 la Une du nouveau num\u00e9ro lessportivesmag qui met en avant notre programme JeunesOfficiels MAIF vers une g\u00e9n\u00e9ration responsable pilot\u00e9 par gr_nathalie La pension! Je ne sais pas pourquoi nos parents nous ont mis en pension, peut-\u00eatre parce que le climat de lAfrique \u00e9tait p\u00e9nible \u00e0 supporter. Mais javais quatre ans quand jai rejoint mes s\u0153urs a\u00een\u00e9es au pensionnat de la Sainte-Famille au Liban! Et je suis rest\u00e9e trois ans sans revoir mes parents. Jen suis m\u00eame devenue amn\u00e9sique, jai effac\u00e9 les souvenirs de cette p\u00e9riode. Pour pr\u00e9parer larriver de Gebran Bassil le ministre des affaires \u00e9trang\u00e8res du Liban, Rami Adwan, lambassadeur extraordinaire et pl\u00e9nipotentiaire du Liban en France est en visite depuis trois jours en Guadeloupe. Une visite pour rencontrer les ressortissants Libanais en Guadeloupe mais aussi, pour les inciter \u00e0 participer aux \u00e9lections l\u00e9gislatives libanaise de 2018  Parcours sous Beyrouth de Patrick Laffont-Fort Saint-Jean-Acc\u00e8s libre Le Mucem a confi\u00e9 \u00e0 lartiste Patrick Laffont le soin dimaginer la sc\u00e9nographie dun fort Saint-Jean m\u00e9tamorphos\u00e9 : c\u00e8dre suspendu, immeubles vertigineux, visions singuli\u00e8res A travers images et installations, ce parcours po\u00e9tique nous projette dans les rues de Beyrouth, qui se d\u00e9voile entre d\u00e9sordre urbain et nature sauvage. Une invitation au d\u00e9placement dans une ville en perp\u00e9tuel mouvement Installations visibles du 12 mai au 26 juin 2016 : Application rencontres iphone rencontre club med kemer, contact site rencontre site rencontre gratuit pour parent solo. Rencontres site totalement gratuit sites de rencontres originaux, rencontre femmes quebec cherche mariage femmes. Le Premier ministre libanais d\u00e9missionnaire Saad Hariri rencontre Emmanuel Macron \u00e0 Paris site de rencontre psychologie Emmanuel Macron attaque ses mezzes avec la satisfaction dune rencontre fructueuse. Avant de d\u00e9guster ces mets concoct\u00e9s par les r\u00e9fugi\u00e9es au restaurant coop\u00e9ratif Tawlet de Beyrouth, il a marqu\u00e9 des points chez Saad Hariri. Au Grand S\u00e9rail, le Premier ministre libanais a tenu \u00e0 dire publiquement et \u00e0 la surprise de ses \u00e9quipes tout le bien quil pensait de son visiteur. Ce quil repr\u00e9sente, la jeunesse, sa mani\u00e8re de faire de la politique, est tr\u00e8s important pour le Liban, a-t-il salu\u00e9. Voitures blind\u00e9es, rencontres avec les plus hautes autorit\u00e9s Forum des \u00c9tudiants Libanais de France-14\u00e8me \u00e9dition Une autre facette du personnage que nous avons souhait\u00e9 mettre en valeur, dans un espace m\u00e9moriel, est la relation si particuli\u00e8re quil a entretenue avec les Libanais. Charles de Gaulle a m\u00eame arpent\u00e9 le campus de lESA a plusieurs reprises! Toutefois, loin de nous figer dans le pass\u00e9, nous souhaitons faire appel \u00e0 des outils 100 num\u00e9riques. Lhologramme fait partie des techniques qui seront d\u00e9ploy\u00e9es \u00e0 lInstitut : vous pourrez bient\u00f4t vous retrouver nez \u00e0 nez avec Charles de Gaulle, comme sil \u00e9tait en face de vous. J4 Entr\u00e9e par lesplanade du J4 Entr\u00e9e passerelle du Panier, parvis de l\u00e9glise Saint-Laurent, esplanade de la Tourette Entr\u00e9e basse fort Saint-Jean par le quai du Port  trois journ\u00e9es dexposition de photographies ont \u00e9t\u00e9 Georgette Kamouh, \u00e9pouse Hadif\u00e9, entretien du 2 juillet 1997 JOP pr\u00eats \u00e0 relever les d\u00e9fis ensemble\u00e7\u00e0marche! dansonsensemble? G2024 avec UNSSPoitiers? Emmanuel Macron a b\u00e9n\u00e9fici\u00e9 dune aide active de l\u00c9lys\u00e9e, du Minist\u00e8re des Affaires \u00e9trang\u00e8res et de lAmbassade de France au Liban lors de son d\u00e9placement \u00e0 Beyrouth des 23 et 24 janvier, selon plusieurs sources concordantes. La visite de lancien ministre de l\u00e9conomie et actuel candidat \u00e0 l\u00e9lection pr\u00e9sidentielle au Liban a \u00e9t\u00e9 rythm\u00e9e par plusieurs temps forts, gr\u00e2ce \u00e0 quelques coups de pouce de l\u00c9tat fran\u00e7ais. 36La mobilit\u00e9, voulue ou forc\u00e9e, tient une grande place dans leurs r\u00e9cits ; une mobilit\u00e9 entre trois espaces pour certaines, avec des allers-retours entre le Liban, Marseille, lAfrique. En ce qui concerne la langue maternelle la langue arabe certaines femmes, dont les familles \u00e9taient install\u00e9es dans les colonies fran\u00e7aises, ont eu \u00e0 sadapter et elles ont privil\u00e9gi\u00e9 la langue fran\u00e7aise gage dune progression sociale ult\u00e9rieure alors que dautres, dont limmigration est plus r\u00e9cente, ont pr\u00e9serv\u00e9 et transmis cette langue arabe. Le statut social de lensemble des femmes interrog\u00e9es \u00e9volue vers une plus grande qualification et une autonomisation par rapport \u00e0 lentreprise familiale. Quant \u00e0 leur relation au pays dorigine, elle prend des formes diff\u00e9rentes mais elle reste une pr\u00e9occupation commune \u00e0 toutes en raison des menaces qui p\u00e8sent sur le Liban. La France re\u00e7ut un mandat sur le Liban de la Soci\u00e9t\u00e9 des Nations en 1920. Le Liban moderne et ses principales institutions furent donc cr\u00e9\u00e9es et d\u00e9velopp\u00e9es par la France jusqu\u00e0 lind\u00e9pendance du Liban en 1943. Liban-Sud, et toujours en activit\u00e9, qui fait partie des <img decoding=\"async\" src=\"http:\/\/www.relief-france.com\/RELiEF\/templates\/themza_j15_07\/images\/blue\/logo.png\" alt=\"rencontre libanais en france\" align=\"right\">  A ces formalit\u00e9s administratives nouvelles sajoutent les frais de visa de travail : 39 pour un visa une entr\u00e9e, 90 pour entr\u00e9es multiples. La CCPL devra demander \u00e0 ce que ces frais soient rembours\u00e9s \u00e0 lagent et \u00e0 ses ayant-droits \u00e0 son arriv\u00e9e. Pour r\u00e9sumer, cest bien la question des moyens donn\u00e9s aux missions de service public d\u00e9ducation qui est pos\u00e9e. La seule part patronale des pensions civiles des d\u00e9tach\u00e9s s\u00e9l\u00e8ve \u00e0 175 millions et donc p\u00e8se un poids \u00e9norme dans le budget de lAgence. Dans ce contexte, la d\u00e9fense des supports dexpatri\u00e9s, que la FSU met syst\u00e9matiquement en avant, est primordiale. Pour les personnels r\u00e9sidents, lISVL est financ\u00e9e \u00e0 100 par les \u00e9tablissements. Le blocage du plafond demplois, y compris des recrut\u00e9s locaux des EGD, est aberrant. Les \u00e9tablissements conventionn\u00e9s sont, quant \u00e0 eux, libres dembaucher et de donner des primes aux personnels locaux, qui ne sont pas sous plafond demploi comme dans les EGD, parfois r\u00e9duits \u00e0 externaliser certains services pour d\u00e9gager des \u00e9quivalents temps plein ETP. Ce syst\u00e8me dautofinancement pousse un peu plus \u00e0 la privatisation, qui \u00e9videmment ne fait pas bon m\u00e9nage avec l\u00c9ducation. On compte plus de 800 titulaires non-r\u00e9sidents TNR dans le r\u00e9seau AEFE, 1er et 2nd degr\u00e9s confondus, ce sont pour la plupart des emplois pr\u00e9caires quil faudrait r\u00e9sorber, et le SNES-FSU revient sans cesse sur ces questions. LAgence parle maintenant de marketing \u00e9ducatif, ce qui est tr\u00e8s grave car elle ne pense plus quen termes \u00e9conomiques. Or, les parents recherchent plus quune belle enveloppe. En majorit\u00e9, ils sont attach\u00e9s \u00e0 un enseignement fran\u00e7ais, utile aussi \u00e0 la diplomatie dinfluence. La francophonie a quant \u00e0 elle et au-del\u00e0 dun discours convenu, du plomb dans laile, et on assiste \u00e0 un vrai changement de philosophie : favoriser les r\u00e9seaux prosp\u00e8res et d\u00e9graisser les anciens o\u00f9 existait une certaine mixit\u00e9 sociale. <img decoding=\"async\" src=\"http:\/\/1.bp.blogspot.com\/-qoaD947LfJU\/Vfl0RhrUTiI\/AAAAAAAALW0\/E6am4zA7dT0\/s1600\/liban-8.jpg\" alt=\"rencontre libanais en france\" align=\"center\"> <img decoding=\"async\" src=\"http:\/\/1.bp.blogspot.com\/-FxgO2P2nEYk\/UGrSpFun-BI\/AAAAAAAABcg\/mqsnkaBkaoM\/s1600\/christian_besse_photo.jpg\" alt=\"rencontre libanais en france\" align=\"right\">.<\/p>\n","protected":false},"excerpt":{"rendered":"<p>rencontre libanais en france<\/p>\n","protected":false},"author":1,"featured_media":0,"comment_status":"closed","ping_status":"closed","sticky":false,"template":"","format":"standard","meta":{"neve_meta_sidebar":"","neve_meta_container":"","neve_meta_enable_content_width":"","neve_meta_content_width":0,"neve_meta_title_alignment":"","neve_meta_author_avatar":"","neve_post_elements_order":"","neve_meta_disable_header":"","neve_meta_disable_footer":"","neve_meta_disable_title":""},"categories":[1],"tags":[],"_links":{"self":[{"href":"http:\/\/lars-decker.de\/blogs\/wp-json\/wp\/v2\/posts\/2112"}],"collection":[{"href":"http:\/\/lars-decker.de\/blogs\/wp-json\/wp\/v2\/posts"}],"about":[{"href":"http:\/\/lars-decker.de\/blogs\/wp-json\/wp\/v2\/types\/post"}],"author":[{"embeddable":true,"href":"http:\/\/lars-decker.de\/blogs\/wp-json\/wp\/v2\/users\/1"}],"replies":[{"embeddable":true,"href":"http:\/\/lars-decker.de\/blogs\/wp-json\/wp\/v2\/comments?post=2112"}],"version-history":[{"count":1,"href":"http:\/\/lars-decker.de\/blogs\/wp-json\/wp\/v2\/posts\/2112\/revisions"}],"predecessor-version":[{"id":2113,"href":"http:\/\/lars-decker.de\/blogs\/wp-json\/wp\/v2\/posts\/2112\/revisions\/2113"}],"wp:attachment":[{"href":"http:\/\/lars-decker.de\/blogs\/wp-json\/wp\/v2\/media?parent=2112"}],"wp:term":[{"taxonomy":"category","embeddable":true,"href":"http:\/\/lars-decker.de\/blogs\/wp-json\/wp\/v2\/categories?post=2112"},{"taxonomy":"post_tag","embeddable":true,"href":"http:\/\/lars-decker.de\/blogs\/wp-json\/wp\/v2\/tags?post=2112"}],"curies":[{"name":"wp","href":"https:\/\/api.w.org\/{rel}","templated":true}]}}