{"id":1994,"date":"2020-06-23T18:12:18","date_gmt":"2020-06-23T18:12:18","guid":{"rendered":"http:\/\/lars-decker.de\/blogs\/?p=1994"},"modified":"2020-06-21T17:42:26","modified_gmt":"2020-06-21T17:42:26","slug":"rencontres-afigeo-2013","status":"publish","type":"post","link":"http:\/\/lars-decker.de\/blogs\/2020\/06\/23\/rencontres-afigeo-2013\/","title":{"rendered":"Rencontres Afigeo 2013"},"content":{"rendered":"<p>La clarification de la gouvernance des IDG : 15 des usagers souhaitent notamment voir sam\u00e9liorer la coordination de la gestion des informations qui g\u00e8re quelle information, le financement des plateformes pour aboutir \u00e0 leur p\u00e9rennit\u00e9 financi\u00e8re, larticulation des r\u00f4les entre les diff\u00e9rentes IDG, leur mode de fonctionnement ressources humaines d\u00e9di\u00e9es ; Les opportunit\u00e9s li\u00e9es \u00e0 la coop\u00e9ration transr\u00e9gionale : en termes douverture internationale, de valorisation des territoires naturels qui saffranchissent des limites administratives. C es Rencontres \u00e9taient plac\u00e9es sous le signe de linsularit\u00e9 avec, en plus de la Corse, l\u00eele de la R\u00e9union \u00e0 lhonneur! \u03b1\u03c3\u03c4\u03b5\u03b9\u03b5\u03c2 \u03b5\u03c5\u03c7\u03b5\u03c2 \u03b3\u03b5\u03bd\u03b5\u03b8\u03bb\u03b9\u03c9\u03bd \u03b3\u03b9\u03b1 \u03bc\u03b1\u03bc\u03b1\u03b4\u03b5\u03c2 0.22 \u03b8\u03b5\u03cc\u03b4\u03c9\u03c1\u03bf\u03c2 \u03b2\u03b5\u03bd\u03b9\u03ac\u03bc\u03b7\u03c2 wiki 21.21 <img decoding=\"async\" src=\"http:\/\/www2.agroparistech.fr\/podcast\/local\/cache-gd2\/06479e7e58595938328ed1a5314e1411.jpg\" alt=\"rencontres afigeo 2013\" align=\"center\"> La r\u00e9activit\u00e9 et la qualit\u00e9 des r\u00e9ponses apport\u00e9es aux demandes de support et dam\u00e9lioration font partie int\u00e9grante des engagements de Business Geografic envers ses utilisateurs. La RPCU en Charente-Maritime et a remis ses conclusions au Comit\u00e9 Local  Un bon prolongement du comit\u00e9 de coordination qui aura lieu le matin \u00e0 Caen..  66Cependant, la GIZC exige un investissement humain, financier et politique sur le long terme. Le d\u00e9veloppement des IDG dans la perspective de soutenir les objectifs de la GIZC est \u00e9galement complexe et exigeant. Placer les usagers au centre des r\u00e9flexions permettra la collaboration et la mise en \u0153uvre de partenariats n\u00e9cessaires pour encadrer la production rationnelle dinformation et lorganisation de son partage via les IDG Gourmelon et al, 2010 ; Wright et al, 2011. La prise en compte de leurs besoins de gestion est le gage dune utilisation plus efficace des informations et dune am\u00e9lioration des strat\u00e9gies c\u00f4ti\u00e8res et marines ODea et al, 2011 ; Georis-Creuseveau, 2014. Cette approche participative devra \u00eatre men\u00e9e \u00e0 tous les \u00e9chelons territoriaux Canessa et al, 2007 afin denvisager un cadre durable pour le d\u00e9veloppement des IDG, au sein duquel les parties prenantes collaborent de mani\u00e8re efficace Budhathoki et al, 2008 afin de relever collectivement les d\u00e9fis de la zone c\u00f4ti\u00e8re. Matthieu Noucher, The place names of French Guiana in the face of the geoweb: between data sovereignty, indigenous knowledge, and cartographic deregulation, Cartographica. The International Journal for Geographic Information and Geovisualization, University of Toronto Press, vol. 551, 2020, pp 15-28. Sin autem ad adulescentiam perduxissent, dirimi tamen interdum contentione vel uxoriae condicionis vel commodi alicuius, quod idem adipisci uterque non posset. Quod si qui longius in amicitia provecti essent, tamen saepe labefactari, si in honoris contentionem.. Le programme mettra en lumi\u00e8re les capacit\u00e9s des acteurs publics et priv\u00e9s \u00e0 cr\u00e9er de la valeur ajout\u00e9e sur et en faveur des territoires, \u00e0 partir de donn\u00e9es et de services g\u00e9onum\u00e9riques, au travers de : 2 Dun point de vue terminologique, la donn\u00e9e se distingue de linformation. La donn\u00e9e est la mati\u00e8re Int\u00e9grez la dimension cartographique au c\u0153ur de vos applications QlikView et Qlik Sense. GeoQlik, reconnu au niveau mondial, est le seul v\u00e9ritable composant cartographique pour QlikView et Qlik Sense. \u0391\u03b3\u03bf\u03c1\u03ac \u03c7\u03c1\u03c5\u03c3\u03ce\u03bd \u03bb\u03b9\u03c1\u03ce\u03bd \u03b1\u03b3\u03b3\u03bb\u03af\u03b1\u03c2 2.34 \u03b4\u03c1\u03bf\u03bc\u03bf\u03bb\u03bf\u03b3\u03b9\u03b1 \u03c0\u03bb\u03bf\u03b9\u03c9\u03bd \u03b3\u03b9\u03b1 \u03c1\u03bf\u03b4\u03bf \u03c4\u03b9\u03bc\u03b5\u03c2-2 les \u00e9tablissements publics \u00e0 caract\u00e8re administratif conservatoire du littoral, parcs nationaux ;  32Les r\u00e9pondants utilisent linformation g\u00e9ographique et la g\u00e9omatique pour lam\u00e9nagement et le d\u00e9veloppement territorial \u00e0 38, \u00e0 un \u00e9chelon variant du r\u00e9gional \u00e0 lintercommunal 71. G\u00e9omaticiens 46,5 et gestionnairesth\u00e9maticiens 41, ils sont des utilisateurs dIDG \u00e0 41,5 Tableau 3. Les financements de la BAD et de la BIsD pr\u00e9sent\u00e9s par Ubifrance Le 19 novembre 2013, Thierry Rousselin Geo212 a particip\u00e9 \u00e0 latelier dinformation Ubifrance d\u00e9di\u00e9 aux projets et financements de la Banques islamique de d\u00e9veloppement BIsD et la Banque africaine de d\u00e9veloppement BAD. Les acteurs fran\u00e7ais, sous-repr\u00e9sent\u00e9s dans les march\u00e9s africains de la BAD 5 des contrats sur la p\u00e9riode 2010-2012, sont invit\u00e9s \u00e0 consulter syst\u00e9matiquement le site.. \u039a\u03c1\u03c5\u03bf\u03c0\u03b1\u03b3\u03b7\u03bc\u03b1\u03c4\u03b1 \u03c3\u03c4\u03b1 \u03c0\u03bf\u03b4\u03b9\u03b1 \u03b1\u03bd\u03c4\u03b9\u03bc\u03b5\u03c4\u03c9\u03c0\u03b9\u03c3\u03b7 0.316 \u03b9\u03c7\u03b8\u03c5\u03c2 \u03bc\u03b5 \u03b9\u03c7\u03b8\u03c5-Nathalie DEJOUR, Freelance G\u00e9omatique-P\u00f4le Formation Recherche AFIGEO-CINOV IT \u03b1\u03b8\u03bb\u03b7\u03c4\u03b9\u03ba\u03b1 \u03ba\u03bf\u03bb\u03b1\u03bd \u03b3\u03c5\u03bd\u03b1\u03b9\u03ba\u03b5\u03b9\u03b1 \u03c0\u03c1\u03bf\u03c3\u03c6\u03bf\u03c1\u03b5\u03c2 0 \u03c0\u03b1\u03c1\u03b3\u03b1 \u03ba\u03b1\u03b9\u03c1\u03bf\u03c2 \u03c4\u03c9\u03c1\u03b1-prend sens \u00e0 la fois au niveau local, national et europ\u00e9en. Il sarticule Matthieu Noucher. La donn\u00e9e g\u00e9ographique aux fronti\u00e8res des organisations. Des r\u00e9seaux g\u00e9omatiques aux communaut\u00e9s territoriales. Rencontres franco-canadiennes de g\u00e9omatique, Jun 2010, Calgary, Canada. <img decoding=\"async\" src=\"http:\/\/www.advokatd24.ga\/sites\/www.lesdepechesdebrazzaville.fr\/files\/vignette_voa_200x200_1.jpg\" alt=\"rencontres afigeo 2013\" align=\"center\"> <img decoding=\"async\" src=\"http:\/\/www.mode-shop.fr\/images\/produits\/75\/robe-Ax-Paris-16085354-2.jpg\" alt=\"rencontres afigeo 2013\" align=\"right\"> Localisez, quantifiez et g\u00e9rez vos espaces verts, jardins publics et aires de jeux. GEO Espaces Verts est la solution dinventaire et dentretien de votre patrimoine vert.<\/p>\n","protected":false},"excerpt":{"rendered":"<p>rencontres afigeo 2013<\/p>\n","protected":false},"author":1,"featured_media":0,"comment_status":"closed","ping_status":"closed","sticky":false,"template":"","format":"standard","meta":{"neve_meta_sidebar":"","neve_meta_container":"","neve_meta_enable_content_width":"","neve_meta_content_width":0,"neve_meta_title_alignment":"","neve_meta_author_avatar":"","neve_post_elements_order":"","neve_meta_disable_header":"","neve_meta_disable_footer":"","neve_meta_disable_title":""},"categories":[1],"tags":[],"_links":{"self":[{"href":"http:\/\/lars-decker.de\/blogs\/wp-json\/wp\/v2\/posts\/1994"}],"collection":[{"href":"http:\/\/lars-decker.de\/blogs\/wp-json\/wp\/v2\/posts"}],"about":[{"href":"http:\/\/lars-decker.de\/blogs\/wp-json\/wp\/v2\/types\/post"}],"author":[{"embeddable":true,"href":"http:\/\/lars-decker.de\/blogs\/wp-json\/wp\/v2\/users\/1"}],"replies":[{"embeddable":true,"href":"http:\/\/lars-decker.de\/blogs\/wp-json\/wp\/v2\/comments?post=1994"}],"version-history":[{"count":1,"href":"http:\/\/lars-decker.de\/blogs\/wp-json\/wp\/v2\/posts\/1994\/revisions"}],"predecessor-version":[{"id":1995,"href":"http:\/\/lars-decker.de\/blogs\/wp-json\/wp\/v2\/posts\/1994\/revisions\/1995"}],"wp:attachment":[{"href":"http:\/\/lars-decker.de\/blogs\/wp-json\/wp\/v2\/media?parent=1994"}],"wp:term":[{"taxonomy":"category","embeddable":true,"href":"http:\/\/lars-decker.de\/blogs\/wp-json\/wp\/v2\/categories?post=1994"},{"taxonomy":"post_tag","embeddable":true,"href":"http:\/\/lars-decker.de\/blogs\/wp-json\/wp\/v2\/tags?post=1994"}],"curies":[{"name":"wp","href":"https:\/\/api.w.org\/{rel}","templated":true}]}}