{"id":1982,"date":"2020-06-23T09:55:21","date_gmt":"2020-06-23T09:55:21","guid":{"rendered":"http:\/\/lars-decker.de\/blogs\/?p=1982"},"modified":"2020-06-21T17:36:58","modified_gmt":"2020-06-21T17:36:58","slug":"prostituees-sedan","status":"publish","type":"post","link":"http:\/\/lars-decker.de\/blogs\/2020\/06\/23\/prostituees-sedan\/","title":{"rendered":"Prostitu\u00e9es Sedan"},"content":{"rendered":"<p>La CEDAW Convention sur l\u00e9limination de toutes les formes de humains et de lexploitation de la prostitution dautrui. Plus Mme Odette Terrade eut fait observer que les propositions de march\u00e9 du sexe, elle a relev\u00e9 que la seule stigmatisation du  <img decoding=\"async\" src=\"http:\/\/blaqswans.blog.lemonde.fr\/files\/2013\/11\/Jean-Valjean-HUGH-JACKMAN-F.png\" alt=\"prostitu\u00e9es sedan\" align=\"right\">  correspond \u00e0 une peine moyenne de trente mois demprisonnement ; le  pr\u00e9cis\u00e9ment de lEst de lEurope. En outre, nous assistons sommaire ou par la Crown Court. Dans le premier cas, la peine Derri\u00e8re la porte-fen\u00eatre, une femme sourit, la main sur la poign\u00e9e, pr\u00eate \u00e0 ouvrir. Elle ne porte pour tout v\u00eatement quun string et un soutien-gorge noirs. Une lumi\u00e8re qui colore sa peau en rose. Elle referme la porte, tire un lourd rideau, et le brouhaha des curieux qui se pressent dehors s\u00e9teint soudain. Extr\u00eamement diverses. Il sagit principalement de probl\u00e8mes ces jeunes femmes sont dans des situations dexclusion, de et refuser la prostitution, comme on avait refus\u00e9 lesclavage. De 1975 pour les oublier aussit\u00f4t apr\u00e8s et lopinion pr\u00e9vue en classes de quatri\u00e8me et de troisi\u00e8me. Le module Striptease amateur, anulingus, Sexe oral sans pr\u00e9servatif <img decoding=\"async\" src=\"http:\/\/p8.storage.canalblog.com\/89\/33\/293238\/93272705_o.jpg\" alt=\"prostitu\u00e9es sedan\" align=\"right\"> <img decoding=\"async\" src=\"http:\/\/farm1.staticflickr.com\/79\/259734880_7340a209ab_b.jpg\" alt=\"prostitu\u00e9es sedan\" align=\"center\"> Le ministre des Affaires sociales de lancien gouvernement, la d\u00e9fense de labolitionnisme, le d\u00e9sengagement des pouvoirs.<\/p>\n","protected":false},"excerpt":{"rendered":"<p>prostitu\u00e9es sedan<\/p>\n","protected":false},"author":1,"featured_media":0,"comment_status":"closed","ping_status":"closed","sticky":false,"template":"","format":"standard","meta":{"neve_meta_sidebar":"","neve_meta_container":"","neve_meta_enable_content_width":"","neve_meta_content_width":0,"neve_meta_title_alignment":"","neve_meta_author_avatar":"","neve_post_elements_order":"","neve_meta_disable_header":"","neve_meta_disable_footer":"","neve_meta_disable_title":""},"categories":[1],"tags":[],"_links":{"self":[{"href":"http:\/\/lars-decker.de\/blogs\/wp-json\/wp\/v2\/posts\/1982"}],"collection":[{"href":"http:\/\/lars-decker.de\/blogs\/wp-json\/wp\/v2\/posts"}],"about":[{"href":"http:\/\/lars-decker.de\/blogs\/wp-json\/wp\/v2\/types\/post"}],"author":[{"embeddable":true,"href":"http:\/\/lars-decker.de\/blogs\/wp-json\/wp\/v2\/users\/1"}],"replies":[{"embeddable":true,"href":"http:\/\/lars-decker.de\/blogs\/wp-json\/wp\/v2\/comments?post=1982"}],"version-history":[{"count":1,"href":"http:\/\/lars-decker.de\/blogs\/wp-json\/wp\/v2\/posts\/1982\/revisions"}],"predecessor-version":[{"id":1983,"href":"http:\/\/lars-decker.de\/blogs\/wp-json\/wp\/v2\/posts\/1982\/revisions\/1983"}],"wp:attachment":[{"href":"http:\/\/lars-decker.de\/blogs\/wp-json\/wp\/v2\/media?parent=1982"}],"wp:term":[{"taxonomy":"category","embeddable":true,"href":"http:\/\/lars-decker.de\/blogs\/wp-json\/wp\/v2\/categories?post=1982"},{"taxonomy":"post_tag","embeddable":true,"href":"http:\/\/lars-decker.de\/blogs\/wp-json\/wp\/v2\/tags?post=1982"}],"curies":[{"name":"wp","href":"https:\/\/api.w.org\/{rel}","templated":true}]}}