{"id":1934,"date":"2020-06-23T00:03:22","date_gmt":"2020-06-23T00:03:22","guid":{"rendered":"http:\/\/lars-decker.de\/blogs\/?p=1934"},"modified":"2020-06-21T16:48:44","modified_gmt":"2020-06-21T16:48:44","slug":"rencontre-hollande-segolene","status":"publish","type":"post","link":"http:\/\/lars-decker.de\/blogs\/2020\/06\/23\/rencontre-hollande-segolene\/","title":{"rendered":"Rencontre Hollande Segolene"},"content":{"rendered":"<p>Ce message saffichera sur lautre appareil. Pourquoi voyez-vous ce message? De 1960 \u00e0 1963, la famille habite en, en raison dune nouvelle affectation de son p\u00e8re. Marie-S\u00e9gol\u00e8ne Royal est alors \u00e9l\u00e8ve du pensionnat, \u00e0. <img decoding=\"async\" src=\"http:\/\/s1.lprs1.fr\/images\/2017\/09\/13\/7257600_webmaxnewsworldthree137356_1000x625.jpg\" alt=\"rencontre hollande segolene\" align=\"right\">  Cloudflare Ray ID: 5a28871b7a8f0000 Your IP: 27.77.239.16 Performance security by Ceux-ci se voient garantir plus de 90 de leur salaire net ant\u00e9rieur pour une dur\u00e9e maximale de 18 mois \u00e0 la condition quils sengagent dans une formation professionnelle qualifiante Cf, sur www.horizon.entreprise.arftlv.org consult\u00e9 le 28 juillet 2010. Pas vraiment! Dans les cit\u00e9s o\u00f9 le d\u00e9sespoir et la col\u00e8re saccumulent, dans le monde du travail o\u00f9 r\u00e8gne la peur d\u00eatre d\u00e9barqu\u00e9 du jour au lendemain, dans lensemble de la soci\u00e9t\u00e9 o\u00f9 le descenseur social semble inexorablement en marche, \u00e0 la t\u00eate de lEtat : partout, la droite s\u00e8me linjustice et cr\u00e9e le d\u00e9sordre. Le mod\u00e8le su\u00e9dois est un mod\u00e8le pour la France et pour de nombreux pays dEurope. Nous aimerions r\u00e9aliser ce qui est fait ici, a d\u00e9clar\u00e9 la pr\u00e9sidente de Poitou-Charentes, S\u00e9gol\u00e8ne Royal y d\u00e9clare quil faut en finir avec une vision uniquement financi\u00e8re ou boursi\u00e8re de lemploi et revendique la cr\u00e9ation dune nouvelle valeur-travail utilitaire, qualitative et sociale par lEtat. Ce qui d\u00e9bouchera notamment sur la cr\u00e9ation des Emplois-Jeunes par le gouvernement du Premier Ministre Lionel Jospin par la Loi n 97-940 du 16 octobre 1997 relatif au d\u00e9veloppement dactivit\u00e9s pour lemploi des jeunes J.O. Du 17.10.97, sur, Ina, 11 d\u00e9cembre 1994 consult\u00e9 le 23 mai 2020 Tout le monde sait tr\u00e8s bien qu\u00e0 lorigine F Hollande voulait \u00eatre le candidat du PS \u00e0 cette pr\u00e9sidentielle de 2007. Cest m\u00eame ce qui a motiv\u00e9 sa prise du PS d\u00e8s 1997. Cest sa d\u00e9faite au R\u00e9f\u00e9rendum sur lEurope fin 2005 o\u00f9 le non \u00e0 gagn\u00e9 \u00e0 plus de 55, alors quil \u00e9tait avec Jacques CHIRAC lautre partisan du OUI, qui a contrari\u00e9 ses plans.. Devant le risque de voir le PS d\u00e9signer courant 2006 soit L Fabius soit D Strauss Kahn qui une fois \u00e9lus auraient probablement fait un 2\u00e8me mandat., cest le m\u00eame F Hollande qui a dabord soutenu la candidature de S Royal \u00e0 la Primaire socialiste \u00e0 l\u00e9poque la primaire \u00e9tait r\u00e9serv\u00e9e aux seuls militants, pour une fois d\u00e9sign\u00e9e, discr\u00e8tement la l\u00e2cher lors de la vraie campagne face \u00e0 N Sarkozy. Histoire de pr\u00e9server ses propres chances d\u00eatre candidat face \u00e0 N Sarkozy en 2012.. Depuis le d\u00e9but des ann\u00e9es 2000, la rumeur court le tout Paris de sa liaison avec V Trierweiler rendue quasi officielle courant 2006 du reste. Des collaborateurs proches du couple ont tout expliqu\u00e9 depuis longtemps E Besson entre autres, qui fut ensuite comme par hasard.. Ministre de Sarkozy. Jai suffisamment dexp\u00e9rience politique pour savoir que la vie nest pas faite de sondages. Je garde la t\u00eate froide. En m\u00eame temps, je crois que cest une reconnaissance du travail que je fais. LONDRES Reuters-Le prince Harry \u00e9pousera au printemps prochain lactrice am\u00e9ricaine Meghan Markle, a annonc\u00e9 lundi son p\u00e8re, le prince Charles. M\u00eame pris sa d\u00e9fense par \u00e9crit. Pour lui, ces messieurs ont fait machos nul! Et de d\u00e9noncer Votre commentaire sera mod\u00e9r\u00e9 par les mod\u00e9rateurs du site avant d\u00eatre visible. <img decoding=\"async\" src=\"http:\/\/static1.ozap.com\/articles\/9\/44\/36\/59\/@\/4446365-publicite-provoc-pour-le-lancement-en-950x0-2.jpg\" alt=\"rencontre hollande segolene\" align=\"left\"> 31 mars 2011 : Fran\u00e7ois Hollande candidat pour 2012 <img decoding=\"async\" src=\"http:\/\/www.ina.fr\/images_v2\/200x150\/CAB99021205.jpeg\" alt=\"rencontre hollande segolene\" align=\"right\"> 30 000 expulsions par an,150 000 placements en cra prisons pour \u00e9trangers et environs 1 ou 2 millions de contr\u00f4les au faci\u00e8s g\u00e9n\u00e9ralement sur r\u00e9quisitions pr\u00e9fectorales pour en arriver l\u00e0.Harceler,frapper,gazer quotidiennement les migrants \u00e0 calais,\u00e0 paris ou \u00e0 la fronti\u00e8re avec Vintimille par exemple et que dire de la violence polici\u00e8re dans nos ghettos Comment bien r\u00e9aliser les missions de la police en France si on est pas un flic raciste? les lois sont racistes les allemands avait..  surveiller la qualit\u00e9 de loffre sur notre site et lam\u00e9liorer pour vous. La d\u00e9cision de ne pas se pr\u00e9senter en 2017 a sans doute \u00e9t\u00e9 d\u00e9chirante pour cet homme qui a vou\u00e9 toute sa vie \u00e0 la politique. Dipl\u00f4m\u00e9 de la promotion Voltaire de lENA, o\u00f9 il a rencontr\u00e9 son ex-compagne, S\u00e9gol\u00e8ne Royal, Fran\u00e7ois Hollande a dabord encha\u00een\u00e9 les mandats de terrain. Lors des l\u00e9gislatives de 1981, alors quil travaille pour lElys\u00e9e, il part affronter Jacques Chirac sur ses terres corr\u00e9ziennes. Durant la campagne, le patron du RPR raconte que son adversaire est moins connu que le labrador de Fran\u00e7ois Mitterrand.. Balay\u00e9, Fran\u00e7ois Hollande ne se laisse pas impressionner. Il est \u00e9lu conseiller municipal dUssel en 1983. Il sera ensuite d\u00e9put\u00e9 de Corr\u00e8ze pour la premi\u00e8re fois en 1988 et maire de Tulle, son fief politique, de 2001 \u00e0 2008. De 1997 \u00e0 2008, il dirige le Parti socialiste. Un record de long\u00e9vit\u00e9 \u00e0 ce poste. En 2007, la m\u00e8re de ses quatre enfants, S\u00e9gol\u00e8ne Royal, officialise leur rupture. Lorsquil arrive \u00e0 lElys\u00e9e, en 2012, sa nouvelle compagne, la journaliste de Paris Match Val\u00e9rie Trierweiler, devient premi\u00e8re dame, jusquen 2014 et la fin brutale de leur idylle. Fran\u00e7ois Hollande na jamais publiquement \u00e9voqu\u00e9 sa liaison avec Julie Gayet, m\u00eame sil a accept\u00e9 de livrer quelques confidences \u00e0 ce sujet \u00e0 des journalistes, expliquant aux uns que sa relation avec la com\u00e9dienne n\u00e9tait pas n\u00e9e dun coup de foudre ou confiant \u00e0 dautres sa r\u00e9ticence \u00e0 toute forme dofficialisation de sa vie priv\u00e9e. Membre de la cellule Renault-Billancourt, elle passe cinq ans \u00e0 distribuer le quotidien trotskiste, \u00e0 laube, aux portes de lusine. Elle entre au comit\u00e9 central de lorganisation, dont Alain Krivine est le porte-parole, et quelle quittera en 1978, apr\u00e8s y avoir pass\u00e9 onze ans. Durant cette p\u00e9riode, elle se marie avec Dominique Bouchet, le maquettiste du journal, alors que sa g\u00e9n\u00e9ration envoie promener le rituel bourgeois. S\u00e9gol\u00e8ne Royal s\u00e9charpe avec Patrick Cohen dans C \u00e0 vous. ARCHIVES-SEGOLENE ROYAL ET SON MARI FRANCOIS HOLLANDE A LA GARDEN PARTY DE L ELYSEE A PARIS La prise dimages de repr\u00e9sentants de forces de lordre en intervention et leur diffusion.. .<\/p>\n","protected":false},"excerpt":{"rendered":"<p>rencontre hollande segolene<\/p>\n","protected":false},"author":1,"featured_media":0,"comment_status":"closed","ping_status":"closed","sticky":false,"template":"","format":"standard","meta":{"neve_meta_sidebar":"","neve_meta_container":"","neve_meta_enable_content_width":"","neve_meta_content_width":0,"neve_meta_title_alignment":"","neve_meta_author_avatar":"","neve_post_elements_order":"","neve_meta_disable_header":"","neve_meta_disable_footer":"","neve_meta_disable_title":""},"categories":[1],"tags":[],"_links":{"self":[{"href":"http:\/\/lars-decker.de\/blogs\/wp-json\/wp\/v2\/posts\/1934"}],"collection":[{"href":"http:\/\/lars-decker.de\/blogs\/wp-json\/wp\/v2\/posts"}],"about":[{"href":"http:\/\/lars-decker.de\/blogs\/wp-json\/wp\/v2\/types\/post"}],"author":[{"embeddable":true,"href":"http:\/\/lars-decker.de\/blogs\/wp-json\/wp\/v2\/users\/1"}],"replies":[{"embeddable":true,"href":"http:\/\/lars-decker.de\/blogs\/wp-json\/wp\/v2\/comments?post=1934"}],"version-history":[{"count":1,"href":"http:\/\/lars-decker.de\/blogs\/wp-json\/wp\/v2\/posts\/1934\/revisions"}],"predecessor-version":[{"id":1935,"href":"http:\/\/lars-decker.de\/blogs\/wp-json\/wp\/v2\/posts\/1934\/revisions\/1935"}],"wp:attachment":[{"href":"http:\/\/lars-decker.de\/blogs\/wp-json\/wp\/v2\/media?parent=1934"}],"wp:term":[{"taxonomy":"category","embeddable":true,"href":"http:\/\/lars-decker.de\/blogs\/wp-json\/wp\/v2\/categories?post=1934"},{"taxonomy":"post_tag","embeddable":true,"href":"http:\/\/lars-decker.de\/blogs\/wp-json\/wp\/v2\/tags?post=1934"}],"curies":[{"name":"wp","href":"https:\/\/api.w.org\/{rel}","templated":true}]}}