{"id":1918,"date":"2020-06-23T01:36:42","date_gmt":"2020-06-23T01:36:42","guid":{"rendered":"http:\/\/lars-decker.de\/blogs\/?p=1918"},"modified":"2020-06-21T16:37:47","modified_gmt":"2020-06-21T16:37:47","slug":"2e-rencontre-interregionale-perseverance-scolaire","status":"publish","type":"post","link":"http:\/\/lars-decker.de\/blogs\/2020\/06\/23\/2e-rencontre-interregionale-perseverance-scolaire\/","title":{"rendered":"2e Rencontre Interr\u00e9gionale Pers\u00e9v\u00e9rance Scolaire"},"content":{"rendered":"<p>Olivier Lemieux UQAR, Jean Bernatchez et Anne-Mich\u00e8le Delobbe UQAR 2021, projet darticle soumis, Gestion de crise et \u00e9ducation au Qu\u00e9bec: vers une nouvelle organisation du travail scolaire au Qu\u00e9bec?, Interventions \u00e9conomiques. Certificat de reconnaissance remis par Claude Lessard, pr\u00e9sident du Conseil sup\u00e9rieur de l\u00c9ducation 2013  <img decoding=\"async\" src=\"http:\/\/www.rbislta.ga\/media\/catalog\/product\/cache\/1\/rollover_image\/422x521\/9df78eab33525d08d6e5fb8d27136e95\/1\/1\/118332000112_39_4.jpg\" alt=\"2e rencontre interr\u00e9gionale pers\u00e9v\u00e9rance scolaire\" align=\"left\"> Le Bloc qu\u00e9b\u00e9cois menac\u00e9 de disparaitre dans lEst du Qu\u00e9bec Lheure du monde, Radio-Canada, 25 septembre 2015  Membre du Comit\u00e9 r\u00e9gional danalyse COSMOSS 2016-Jean Bernatchez 2016, Perez-Roux, \u00c9tienne et Vitali, 2016, Phronesis, 26 septembre. Jean Bernatchez 2010,, Innovation-RICEC, vol. 2, no 2. \u0391\u03bd\u03c4\u03b9\u03b3\u03b7\u03c1\u03b1\u03bd\u03c4\u03b9\u03ba\u03ae \u03ba\u03c1\u03ad\u03bc\u03b1 \u03bd\u03cd\u03c7\u03c4\u03b1\u03c2 \u03b3\u03b9\u03b1 \u03c4\u03b7\u03bd \u03c0\u03b5\u03c1\u03b9\u03bf\u03c7\u03ae \u03c4\u03bf\u03c5 \u03c0\u03c1\u03bf\u03c3\u03ce\u03c0\u03bf\u03c5 \u03ba\u03b1\u03b9 \u03c4\u03bf\u03c5 \u03bb\u03b1\u03b9\u03bc\u03bf\u03cd. \u0397 \u03c0\u03bb\u03bf\u03cd\u03c3\u03b9\u03b1 \u03ba\u03b1\u03b9 \u03bc\u03bf\u03bd\u03b1\u03b4\u03b9\u03ba\u03ae \u03c3\u03cd\u03bd\u03b8\u03b5\u03c3\u03ae \u03c4\u03b7\u03c2 \u03ba\u03c1\u03ad\u03bc\u03b1\u03c2 \u03c3\u03b5 \u03c1\u03b5\u03c4\u03b9\u03bd\u03cc\u03bb\u03b7, \u03ba\u03b1\u03c4\u03b1\u03c0\u03bf\u03bb\u03b5\u03bc\u03ac \u03c4\u03b1 \u03c0\u03c1\u03ce\u03c4\u03b1 \u03c3\u03b7\u03bc\u03ac\u03b4\u03b9\u03b1 \u03c4\u03b7\u03c2 \u03b3\u03ae\u03c1\u03b1\u03bd\u03c3\u03b7\u03c2 \u03ba\u03b1\u03b9 \u03bc\u03b5\u03b9\u03ce\u03bd\u03b5\u03b9 \u03bf\u03c1\u03b1\u03c4\u03ac \u03c4\u03b9\u03c2 \u03c1\u03c5\u03c4\u03af\u03b4\u03b5\u03c2, \u03b5\u03bd\u03ce \u03b7 \u03b2\u03b9\u03c4\u03b1\u03bc\u03af\u03bd\u03b7 \u0395 \u03c0\u03b1\u03c1\u03ad\u03c7\u03b5\u03b9 \u03c0\u03c1\u03bf\u03c3\u03c4\u03b1\u03c4\u03b5\u03cd\u03b5\u03b9 \u03b1\u03c0\u03bf\u03c4\u03b5\u03bb\u03b5\u03c3\u03bc\u03b1\u03c4\u03b9\u03ba\u03ac\u03b1\u03c0\u03cc \u03c4\u03b9\u03c2 \u03b5\u03c0\u03b9\u03b8\u03ad\u03c3\u03b5\u03b9\u03c2 \u03c4\u03c9\u03bd \u03b5\u03bb\u03b5\u03cd\u03b8\u03b5\u03c1\u03c9\u03bd \u03c1\u03b9\u03b6\u03ce\u03bd. <img decoding=\"async\" src=\"http:\/\/3.bp.blogspot.com\/-KUiNtgqH9F0\/T3OZL-5rghI\/AAAAAAAAAHg\/RxAXJsFEtfI\/s1600\/photo_2042992_resize_article.jpg\" alt=\"2e rencontre interr\u00e9gionale pers\u00e9v\u00e9rance scolaire\" align=\"center\"> Pour lam\u00e9lioration de la pers\u00e9v\u00e9rance et de la r\u00e9ussite scolaires, notre hypoth\u00e8se de travail est la suivante : conjuguer, dans le respect des diff\u00e9rents savoirs, nos regards respectifs au b\u00e9n\u00e9fice de tous les acteurs de l\u00e9ducation et, au premier chef, des jeunes eux-m\u00eames. Cela ne se fera pas en criant lapin ou en se disant Jean Bernatchez 2019,, Presse-toi \u00e0 gauche, 19 novembre. <img decoding=\"async\" src=\"http:\/\/www.drummondville.ca\/wp-content\/uploads\/2018\/01\/Biblio_E_H-20188.jpg\" alt=\"2e rencontre interr\u00e9gionale pers\u00e9v\u00e9rance scolaire\" align=\"left\"> PERRON, M 2012. Pr\u00e9vention de labandon scolaire et mobilisation sur la pers\u00e9v\u00e9rance : \u00e9tat des lieux au Qu\u00e9bec. Table ronde dexperts du r\u00e9seau scolaire sur la pers\u00e9v\u00e9rance et la r\u00e9ussite scolaires. Qu\u00e9bec, 7 mai. \u03a4\u03bf\u03c5\u03c2 \u03b1\u03bd\u03b8\u03c1\u03c9\u03c0\u03bf\u03c5\u03c2 \u03c0\u03bf\u03c5 \u03c0\u03b1\u03b9\u03b6\u03bf\u03c5\u03bd \u03b3\u03b9\u03b1 \u03bd\u03b1 \u03c3\u03b5 \u03c7\u03b1\u03c3\u03bf\u03c5\u03bd \u03b1\u03c3\u03c4\u03bf\u03c5\u03c2 \u03bd\u03b1 \u03bd\u03b9\u03ba\u03b7\u03c3\u03bf\u03c5\u03bd Jean Bernatchez 2016, Modeler l\u00e9ducation du futur: quelles valeurs pour quel syst\u00e8me?, animation de la Table ronde r\u00e9unissant Normand Baillargeon, Alain Deneault et Jean-Fran\u00e7ois Roberge, 51e Salon du livre, Rimouski, 5 novembre. Apr\u00e8s six ann\u00e9es de collaboration au sein du cabinet PHPG, Romain Bruillard a \u00e9t\u00e9 nomm\u00e9 associ\u00e9 avec effet au 1er juillet 2020.  Bourse de ma\u00eetrise et de doctorat du corps professoral en \u00e9ducation, concours 2018 et 2019 \u03b4\u03b9\u03b1\u03b2\u03b7\u03c4\u03b7\u03c2 \u03bf\u03c1\u03b3\u03b1\u03bd\u03bf \u03c3\u03c5\u03bd\u03c9\u03bd\u03c5\u03bc\u03bf 94,50 \u03b2\u03bb\u03b1\u03b4\u03af\u03bc\u03b7\u03c1\u03bf\u03c3 \u03ba\u03c5\u03c1\u03b9\u03b1\u03ba\u03af\u03b4\u03b7\u03c3 \u03c4\u03b1\u03b9\u03bd\u03af\u03b5\u03c3 \u03ba\u03b1\u03b9 \u03c4\u03b7\u03bb\u03b5\u03bf\u03c0\u03c4\u03b9\u03ba\u03ad\u03c3 \u03b5\u03ba\u03c0\u03bf\u03bc\u03c0\u03ad\u03c3 Commission scolaire de la C\u00f4te-du-Sud Exploration-Formation-Qualification Les jeunes \u00e0 haut risque de d\u00e9crochage scolaire ont \u00e9t\u00e9 pris en main par l\u00e9cole secondaire Saint-Paul avec le projet Exploration-Formation-Qualification. Pour leur faire d\u00e9couvrir diff\u00e9rents m\u00e9tiers ainsi que leurs champs dint\u00e9r\u00eat, des visites dentreprises, des rencontres avec des personnes-ressources et des travailleurs ont \u00e9t\u00e9 organis\u00e9es. La diversit\u00e9 des Jean Bernatchez 2016,, \u00c9thica, vol. 20, no 1, p 13-46. Jean Bernatchez 2004,, Alliance for International Higher Education Policy Studies AIHEPS, Puebla Mexique, 16 janvier. Conseil de recherches en sciences humaines CRSH, programme Savoir 2017-2020 277,000 Jean Bernatchez 2019, Legendre, 2019, Liens socio, 11 d\u00e9cembre. Une \u00e9tude sur la qualit\u00e9 des services \u00e9ducatifs en r\u00e9gion \u00e9loign\u00e9e Au coeur du monde, Radio-Canada Gasp\u00e9sie-\u00celes-de-la-Madeleine, 19 janvier 2017 Marie Alexandre UQAR et Jean Bernatchez dir. 2021, en pr\u00e9paration, La transition formation en pr\u00e9sence-formation \u00e0 distance \u00e0 luniversit\u00e9: enjeux didactiques et enjeux politiques, Qu\u00e9bec, Presses de lUniversit\u00e9 du Qu\u00e9bec.<\/p>\n","protected":false},"excerpt":{"rendered":"<p>2e rencontre interr\u00e9gionale pers\u00e9v\u00e9rance scolaire<\/p>\n","protected":false},"author":1,"featured_media":0,"comment_status":"closed","ping_status":"closed","sticky":false,"template":"","format":"standard","meta":{"neve_meta_sidebar":"","neve_meta_container":"","neve_meta_enable_content_width":"","neve_meta_content_width":0,"neve_meta_title_alignment":"","neve_meta_author_avatar":"","neve_post_elements_order":"","neve_meta_disable_header":"","neve_meta_disable_footer":"","neve_meta_disable_title":""},"categories":[1],"tags":[],"_links":{"self":[{"href":"http:\/\/lars-decker.de\/blogs\/wp-json\/wp\/v2\/posts\/1918"}],"collection":[{"href":"http:\/\/lars-decker.de\/blogs\/wp-json\/wp\/v2\/posts"}],"about":[{"href":"http:\/\/lars-decker.de\/blogs\/wp-json\/wp\/v2\/types\/post"}],"author":[{"embeddable":true,"href":"http:\/\/lars-decker.de\/blogs\/wp-json\/wp\/v2\/users\/1"}],"replies":[{"embeddable":true,"href":"http:\/\/lars-decker.de\/blogs\/wp-json\/wp\/v2\/comments?post=1918"}],"version-history":[{"count":1,"href":"http:\/\/lars-decker.de\/blogs\/wp-json\/wp\/v2\/posts\/1918\/revisions"}],"predecessor-version":[{"id":1919,"href":"http:\/\/lars-decker.de\/blogs\/wp-json\/wp\/v2\/posts\/1918\/revisions\/1919"}],"wp:attachment":[{"href":"http:\/\/lars-decker.de\/blogs\/wp-json\/wp\/v2\/media?parent=1918"}],"wp:term":[{"taxonomy":"category","embeddable":true,"href":"http:\/\/lars-decker.de\/blogs\/wp-json\/wp\/v2\/categories?post=1918"},{"taxonomy":"post_tag","embeddable":true,"href":"http:\/\/lars-decker.de\/blogs\/wp-json\/wp\/v2\/tags?post=1918"}],"curies":[{"name":"wp","href":"https:\/\/api.w.org\/{rel}","templated":true}]}}