{"id":1910,"date":"2020-06-23T01:04:50","date_gmt":"2020-06-23T01:04:50","guid":{"rendered":"http:\/\/lars-decker.de\/blogs\/?p=1910"},"modified":"2020-06-21T16:35:12","modified_gmt":"2020-06-21T16:35:12","slug":"site-de-rencontre-brabant-wallon","status":"publish","type":"post","link":"http:\/\/lars-decker.de\/blogs\/2020\/06\/23\/site-de-rencontre-brabant-wallon\/","title":{"rendered":"Site De Rencontre Brabant Wallon"},"content":{"rendered":"<p><img decoding=\"async\" src=\"http:\/\/catalogue.gazette-drouot.com\/images\/perso\/lot218x180b\/LOT\/85\/81053\/60.jpg\" alt=\"site de rencontre brabant wallon\" align=\"right\"> <img decoding=\"async\" src=\"http:\/\/www.oma-bw.be\/wp-content\/uploads\/2014\/03\/Expo-Cr%C3%A9ations-Interdisciplinaires-600x422.png\" alt=\"site de rencontre brabant wallon\" align=\"center\">  Cloudflare Ray ID: 5a27c1458d49e968 Your IP: 186.32.125.2 Performance security by 8 au 10 avril 2021 : Secours Expo Paris Porte de Versailles Hall 5.1 Salut,je recherche une amie,afin dorganiser divers sorties, dans la joie et la bonne humeure. Au plaisir. Annonce : Je suis un homme de 41 ans, s\u00e9par\u00e9, deux enfants et ne faisant pas vieux respectueux, cultiv\u00e9, doux, tr\u00e8s Coquin, bon vivant. Je sors dune rupture difficile et Je souhaiterais faire des rencontres et plus si affinit\u00e9s. Je pr\u00e9f\u00e8re une rencontre concr\u00e8te, sil y a feeling plut\u00f4t que des tchats interminables. Jaime bien les plaisirs de la vie, mais aussi les relations humaines qui en d\u00e9coulent.. Je ne cherchent pas de personnes parfaites et qui sait? Bon vous inqui\u00e9tez pas sur ma photo cest un tour de magie jai rien ressenti je suis pas ouf lol! Content de faire votre.. Jai 29ans, je travail comme agent de s\u00e9curit\u00e9, jaime la phytoth\u00e9rapie, les pr\u00e9parations maison, lhistoire, lactualit\u00e9, les sciences, linformatique, le calme, les balades, le fitness, etc.  Publi\u00e9 par Mathew 24 ans-samedi, 13 juin-16:05 You can email the site owner to let them know you were blocked. Please include what you were doing when this page came up and the Cloudflare Ray ID found at the bottom of this page. Jesp\u00e8re trouver qqun de sensible, attentionn\u00e9, tendre et affectueuse, sans \u00eatre mi\u00e8vre pour autant :o Qui ai des envies, des buts dans la vie, sans pour autant si enfermer. Qui ai envie de partager, en silence, en parlant je crois que la communication est le ciment dun couple en touchant.. Qqun de sinc\u00e8re et spontan\u00e9 sans \u00eatre intrusif. Avec un sens relativement aigu de la relativit\u00e9 des choses, de la vie, de soi-m\u00eame.. Que dire. : Petite femme fine de corps et desprit, solitaire mais solidaire, sentimentale mais qui se soigne, courtoise et respectueuse dautrui. Aimant \u00e9volu\u00e9 dans une atmosph\u00e8re constructive et la bonne humeur. \u00c0 la recherche dun lien \u00e9tabli par une attirance partag\u00e9e pour recr\u00e9er un petit monde \u00e0 Nous. Passionn\u00e9e de peinture, d\u00e9co, photographi.. R\u00e9gion: Annonce : Divorc\u00e9e avec 2 grands gar\u00e7ons d\u00e9j\u00e0 bien ind\u00e9pendants. Bien dans ma t\u00eate et bien dans mon boulot, je cherche une moiti\u00e9 pour partager un bout de chemin Publi\u00e9 par Meava 26 ans-samedi, 13 juin-15:52 Rencontre Brabant, Rencontre Belgique, Site de rencontre gratuit D\u00e9couvrir les discussions et les plaisirs coquins. Bienvenue sur Ouf2Toi.ch-Site de rencontre Brabant-Wallon Rencontre c\u00e9libataire dans la villle: Brabant Wallon Charmante, agr\u00e9able, pour construire une relation durable amicale et plus si..  <img decoding=\"async\" src=\"http:\/\/www.brabantwallon.be\/bw\/files\/Image\/Site-web\/point-bw\/07-1600x1200.jpg\" alt=\"site de rencontre brabant wallon\" align=\"right\">.<\/p>\n","protected":false},"excerpt":{"rendered":"<p>site de rencontre brabant wallon<\/p>\n","protected":false},"author":1,"featured_media":0,"comment_status":"closed","ping_status":"closed","sticky":false,"template":"","format":"standard","meta":{"neve_meta_sidebar":"","neve_meta_container":"","neve_meta_enable_content_width":"","neve_meta_content_width":0,"neve_meta_title_alignment":"","neve_meta_author_avatar":"","neve_post_elements_order":"","neve_meta_disable_header":"","neve_meta_disable_footer":"","neve_meta_disable_title":""},"categories":[1],"tags":[],"_links":{"self":[{"href":"http:\/\/lars-decker.de\/blogs\/wp-json\/wp\/v2\/posts\/1910"}],"collection":[{"href":"http:\/\/lars-decker.de\/blogs\/wp-json\/wp\/v2\/posts"}],"about":[{"href":"http:\/\/lars-decker.de\/blogs\/wp-json\/wp\/v2\/types\/post"}],"author":[{"embeddable":true,"href":"http:\/\/lars-decker.de\/blogs\/wp-json\/wp\/v2\/users\/1"}],"replies":[{"embeddable":true,"href":"http:\/\/lars-decker.de\/blogs\/wp-json\/wp\/v2\/comments?post=1910"}],"version-history":[{"count":1,"href":"http:\/\/lars-decker.de\/blogs\/wp-json\/wp\/v2\/posts\/1910\/revisions"}],"predecessor-version":[{"id":1911,"href":"http:\/\/lars-decker.de\/blogs\/wp-json\/wp\/v2\/posts\/1910\/revisions\/1911"}],"wp:attachment":[{"href":"http:\/\/lars-decker.de\/blogs\/wp-json\/wp\/v2\/media?parent=1910"}],"wp:term":[{"taxonomy":"category","embeddable":true,"href":"http:\/\/lars-decker.de\/blogs\/wp-json\/wp\/v2\/categories?post=1910"},{"taxonomy":"post_tag","embeddable":true,"href":"http:\/\/lars-decker.de\/blogs\/wp-json\/wp\/v2\/tags?post=1910"}],"curies":[{"name":"wp","href":"https:\/\/api.w.org\/{rel}","templated":true}]}}