{"id":1906,"date":"2020-06-23T19:22:17","date_gmt":"2020-06-23T19:22:17","guid":{"rendered":"http:\/\/lars-decker.de\/blogs\/?p=1906"},"modified":"2020-06-21T16:33:28","modified_gmt":"2020-06-21T16:33:28","slug":"rencontre-en-terre-inconnue-virginie-efira","status":"publish","type":"post","link":"http:\/\/lars-decker.de\/blogs\/2020\/06\/23\/rencontre-en-terre-inconnue-virginie-efira\/","title":{"rendered":"Rencontre En Terre Inconnue Virginie Efira"},"content":{"rendered":"<p>Retour en Terre Inconnue : 10 ans d\u00e9j\u00e0, les 10 meilleures audiences Toutelatele Diffusions et rediffusions pour Rendez-vous en terre inconnue. The Mandalorian : quelle audience pour sa diffusion sur Canal et C8? Le second livre : L\u00e9veil des sens-Vivre linstant pr\u00e9sent gr\u00e2ce \u00e0 la pleine conscience de Jon Kabat-Zinn Invit\u00e9 des Enfants de la t\u00e9l\u00e9 dimanche 24 mars, Micha\u00ebl Youn est appar.. Documentaire affiche \u00e9galement de tr\u00e8s bons scores sur les m\u00e9nag\u00e8res avec 27 de part daudience et sur les 25-49 ans avec 25 de part daudience. You can email the site owner to let them know you were blocked. Please include what you were doing when this page came up and the Cloudflare Ray ID found at the bottom of this page. <img decoding=\"async\" src=\"http:\/\/www.toutelatele.com\/IMG\/arton29531.jpg\" alt=\"rencontre en terre inconnue virginie efira\" align=\"right\"> Aucune analyse na \u00e9t\u00e9 r\u00e9dig\u00e9e sur cet article pour le moment. Sois le premier \u00e0 donner ton avis et aide les autres utilisateurs \u00e0 prendre leur d\u00e9cision dachat. Merci MONSIEUR Lopez de nous proposer ces images magiques, dans lesquels les gens du show-biz se mettent \u00e0 nu pour nous d\u00e9voiler leur vrai personnalit\u00e9, loin des paillettes et des artifices de la t\u00e9l\u00e9vision. <img decoding=\"async\" src=\"http:\/\/www.divergence-images.com\/images\/jean-michel-turpin\/230-230\/JMT240058.JPG\" alt=\"rencontre en terre inconnue virginie efira\" align=\"right\"> Votre adresse e-mail nous permettra de vous envoyer les newsletters auxquelles vous vous \u00eates inscrit. Pour exercer vos droits, consultez notre  <img decoding=\"async\" src=\"http:\/\/www.fox-infographie.com\/logos\/rdvti03.jpg\" alt=\"rencontre en terre inconnue virginie efira\" align=\"center\"> Je nai pas pu ou su enregistrer l\u00e9mission. Je narrive pas \u00e0 trouver le chemin sur le web ni pour re-visualiser l\u00e9mission ni pour retrouver les r\u00e9f\u00e9rences de tous les livres cit\u00e9s par Fr\u00e9d\u00e9ric Lopez. Pouvez vous me faire parvenir ces r\u00e9f\u00e9rences svp? Javascript est d\u00e9sactiv\u00e9 dans votre navigateur. Pour une meilleure exp\u00e9rience sur notre site, assurez-vous dactiver JavaScript dans votre navigateur. Je suis sociologue, jai voyag\u00e9 et non en circuit, jai diverses origines et je trouve cette \u00e9mission int\u00e9ressante et votre article pas tr\u00e9s tr\u00e9s bien construit. Virginie Efira senvole en Mongolie du nord pour France 2 Tr\u00e8s populaire, l\u00e9mission est diffus\u00e9e depuis 2004 et rencontre toujours un tr\u00e8s beau succ\u00e8s aupr\u00e8s des t\u00e9l\u00e9spectateurs. A chaque fois, ces inconnus me mettent du baume au c\u0153ur. Quel plaisir!   bravo a frederik et a virginie pour cette belle emission mais pourquoi ne pas inviter des gens qui n ont pas les moyens de faire des voyages dommage et la question que personne ne pose combient est paye virginie&#8230;&#8230;. Et les autres carambeu etc..j aimerai bien avoir une reponse mer\u00e7i et encore bravo.. L\u00e9quipe de casting pour Rendez-vous en terre inconnue.<\/p>\n","protected":false},"excerpt":{"rendered":"<p>rencontre en terre inconnue virginie efira<\/p>\n","protected":false},"author":1,"featured_media":0,"comment_status":"closed","ping_status":"closed","sticky":false,"template":"","format":"standard","meta":{"neve_meta_sidebar":"","neve_meta_container":"","neve_meta_enable_content_width":"","neve_meta_content_width":0,"neve_meta_title_alignment":"","neve_meta_author_avatar":"","neve_post_elements_order":"","neve_meta_disable_header":"","neve_meta_disable_footer":"","neve_meta_disable_title":""},"categories":[1],"tags":[],"_links":{"self":[{"href":"http:\/\/lars-decker.de\/blogs\/wp-json\/wp\/v2\/posts\/1906"}],"collection":[{"href":"http:\/\/lars-decker.de\/blogs\/wp-json\/wp\/v2\/posts"}],"about":[{"href":"http:\/\/lars-decker.de\/blogs\/wp-json\/wp\/v2\/types\/post"}],"author":[{"embeddable":true,"href":"http:\/\/lars-decker.de\/blogs\/wp-json\/wp\/v2\/users\/1"}],"replies":[{"embeddable":true,"href":"http:\/\/lars-decker.de\/blogs\/wp-json\/wp\/v2\/comments?post=1906"}],"version-history":[{"count":1,"href":"http:\/\/lars-decker.de\/blogs\/wp-json\/wp\/v2\/posts\/1906\/revisions"}],"predecessor-version":[{"id":1907,"href":"http:\/\/lars-decker.de\/blogs\/wp-json\/wp\/v2\/posts\/1906\/revisions\/1907"}],"wp:attachment":[{"href":"http:\/\/lars-decker.de\/blogs\/wp-json\/wp\/v2\/media?parent=1906"}],"wp:term":[{"taxonomy":"category","embeddable":true,"href":"http:\/\/lars-decker.de\/blogs\/wp-json\/wp\/v2\/categories?post=1906"},{"taxonomy":"post_tag","embeddable":true,"href":"http:\/\/lars-decker.de\/blogs\/wp-json\/wp\/v2\/tags?post=1906"}],"curies":[{"name":"wp","href":"https:\/\/api.w.org\/{rel}","templated":true}]}}