{"id":1878,"date":"2020-06-23T18:37:22","date_gmt":"2020-06-23T18:37:22","guid":{"rendered":"http:\/\/lars-decker.de\/blogs\/?p=1878"},"modified":"2020-06-21T16:16:07","modified_gmt":"2020-06-21T16:16:07","slug":"rencontre-st-hubert","status":"publish","type":"post","link":"http:\/\/lars-decker.de\/blogs\/2020\/06\/23\/rencontre-st-hubert\/","title":{"rendered":"Rencontre St-Hubert"},"content":{"rendered":"<p>A. Le Chasseur poss\u00e9dant un permis national ou bi-d\u00e9partemental a le choix de concourir soit dans le d\u00e9partement o\u00f9 il a fait valider son permis, soit dans le d\u00e9partement o\u00f9 il r\u00e9side, soit dans le d\u00e9partement o\u00f9 il d\u00e9tient un droit de chasse le Chasseur ne pourra participer au cours de lann\u00e9e qu\u00e0 une seule s\u00e9lection dans le d\u00e9partement de son choix.   <img decoding=\"async\" src=\"http:\/\/www.sucgarandspice.cf\/img\/cms\/dimo\/vetement-pro.jpg\" alt=\"rencontre st-hubert\" align=\"left\"> Rencontres Saint-Hubert : Francis Vecchioli et Luneta champions de France! Les Rencontres Saint Hubert 2018 2 \u00e9pagneuls fran\u00e7ais s\u00e9lectionn\u00e9s \u00e0 la Finale Nationale des RSH, le 19 janvier 2019 \u00e0 Sissonne!! Venez nombreux et nombreuses! Les tarifs du repas est \u00e0 10 euros pour les accompagnateurs. __________________________________________________________________________________ La fusion chasseur-chien est un aspect tr\u00e8s important des rencontres D\u00e9partements ; Ain, Ard\u00e8che, Doubs, Dr\u00f4me, Is\u00e8re, Jura, Loire, Rh\u00f4ne, Haute-Sa\u00f4ne, Savoie, Haute-Savoie, Territoire-de-Belfort mon homme mes chiens la chasse la peche la nature : mes amours ma passion ma vie Les rencontres St-Hubert sont pr\u00e9vus dimanche-Gu\u00e9ret 23000 10.3.2. Par s\u00e9curit\u00e9 et connaissance technique, nous voulons entendre lobservation des normes de s\u00e9curit\u00e9 lors du d\u00e9roulement du parcours, afin de ne nuire ni \u00e0 soi-m\u00eame ni aux autres, ainsi que lensemble des connaissances techniques visant \u00e0 la r\u00e9ussite la meilleure du parcours et par une bonne et logique exploitation du terrain. 7 \u00e8me 68 points Jean Louis RICARD avec son barbu tch\u00e8que ESUS von der Somme Gibier tir\u00e9 en toute s\u00e9curit\u00e9 : arr\u00eat\u00e9 par le Chien ou indiqu\u00e9 par le Spaniel 1 point par oiseau tir\u00e9 9 \u00e8me52,5 points Jean Claude LEROY avec son braque du bourbonnais VICK Promouvoir les diff\u00e9rentes races de chiens de chasse arr\u00eat et spaniel. Mis \u00e0 jour le 13 juin 2020 \u00e0 22h01 Made by Fabien Rocher <img decoding=\"async\" src=\"http:\/\/www.chien-dressage-education.fr\/wp-content\/uploads\/2015\/10\/logo-federation-nationale-chasseurs.jpg\" alt=\"rencontre st-hubert\" align=\"right\"> <img decoding=\"async\" src=\"http:\/\/www.chasse44.fr\/images\/6_actu\/St_hubert\/st_hubert2017.JPG\" alt=\"rencontre st-hubert\" align=\"right\"> Cet \u00e9v\u00e8nement a maintenant lieu tous les ans depuis 2013 pour le plus grand bien des fleuves et rivi\u00e8res. Ayant d\u00e9but\u00e9 sur la Loire \u00e0 linitiative des chasseurs de gibier deau du Loiret, elle sest maintenant \u00e9tendue sur toute la France. Lann\u00e9e derni\u00e8re, l\u00e9quivalent de deux TGV ont \u00e9t\u00e9 collect\u00e9s, soit environ 600 m3 de d\u00e9chets. Enfin dans la cat\u00e9gorie des Chiens dArr\u00eat Trialisant, nous avons un Champion de France en la personne dAur\u00e9lien DELAUNAY avec MYLAS du Mont Chanais, Epagneul Breton, ainsi quun Vice-Champion notre ami St\u00e9phane BERTOLOZZI avec GUCCI dAlfa Umi et Sagma Oct, son Epagneul Breton. Bravo \u00e0 tous les repr\u00e9sentants Appr\u00e9ciation sur le comportement du Chasseur 40 points  Organisation des RSH R\u00e9gionales-R\u00e9gion 2 dans le Loiret 10 \u00e8me 51 points Dominique LABBE avec son \u00e9pagneul fran\u00e7ais DJINN de la plaine du levant Une s\u00e9lection annuelle des rencontres Saint Hubert est organis\u00e9e dans tous les d\u00e9partements, puis une s\u00e9lection r\u00e9gionale permettant dacc\u00e9der \u00e0 la finale nationale qui se d\u00e9roule chaque ann\u00e9e sur le mythique territoire du domaine national de Rambouillet, notre partenaire. Tout chien nayant jamais obtenu lune des r\u00e9compenses ci-dessus. Cest par d\u00e9finition le chien de Monsieur tout le monde et donc la cat\u00e9gorie la plus importante des chasseurs. Tout commentaire dont le contenu serait susceptible de porter atteinte aux tiers ou denfreindre les lois et r\u00e8glements en vigueur, et d\u00e9cline toute Francheville Chasse Les Rencontres Saint-Hubert : inscrivez-vous!<\/p>\n","protected":false},"excerpt":{"rendered":"<p>rencontre st-hubert<\/p>\n","protected":false},"author":1,"featured_media":0,"comment_status":"closed","ping_status":"closed","sticky":false,"template":"","format":"standard","meta":{"neve_meta_sidebar":"","neve_meta_container":"","neve_meta_enable_content_width":"","neve_meta_content_width":0,"neve_meta_title_alignment":"","neve_meta_author_avatar":"","neve_post_elements_order":"","neve_meta_disable_header":"","neve_meta_disable_footer":"","neve_meta_disable_title":""},"categories":[1],"tags":[],"_links":{"self":[{"href":"http:\/\/lars-decker.de\/blogs\/wp-json\/wp\/v2\/posts\/1878"}],"collection":[{"href":"http:\/\/lars-decker.de\/blogs\/wp-json\/wp\/v2\/posts"}],"about":[{"href":"http:\/\/lars-decker.de\/blogs\/wp-json\/wp\/v2\/types\/post"}],"author":[{"embeddable":true,"href":"http:\/\/lars-decker.de\/blogs\/wp-json\/wp\/v2\/users\/1"}],"replies":[{"embeddable":true,"href":"http:\/\/lars-decker.de\/blogs\/wp-json\/wp\/v2\/comments?post=1878"}],"version-history":[{"count":1,"href":"http:\/\/lars-decker.de\/blogs\/wp-json\/wp\/v2\/posts\/1878\/revisions"}],"predecessor-version":[{"id":1879,"href":"http:\/\/lars-decker.de\/blogs\/wp-json\/wp\/v2\/posts\/1878\/revisions\/1879"}],"wp:attachment":[{"href":"http:\/\/lars-decker.de\/blogs\/wp-json\/wp\/v2\/media?parent=1878"}],"wp:term":[{"taxonomy":"category","embeddable":true,"href":"http:\/\/lars-decker.de\/blogs\/wp-json\/wp\/v2\/categories?post=1878"},{"taxonomy":"post_tag","embeddable":true,"href":"http:\/\/lars-decker.de\/blogs\/wp-json\/wp\/v2\/tags?post=1878"}],"curies":[{"name":"wp","href":"https:\/\/api.w.org\/{rel}","templated":true}]}}